{"id":570986,"date":"2025-11-12T22:52:12","date_gmt":"2025-11-12T22:52:12","guid":{"rendered":"https:\/\/www.europesays.com\/de\/570986\/"},"modified":"2025-11-12T22:52:12","modified_gmt":"2025-11-12T22:52:12","slug":"zollverhandlungen-mit-den-usa-bundesrat-guy-parmelin-unterwegs-nach-washington-news","status":"publish","type":"post","link":"https:\/\/www.europesays.com\/de\/570986\/","title":{"rendered":"Zollverhandlungen mit den USA &#8211; Bundesrat Guy Parmelin unterwegs nach Washington &#8211; News"},"content":{"rendered":"<p>  Klicken, um die Teilen-Funktion zu \u00f6ffnen.<\/p>\n<p>            Teilen<\/p>\n<ul class=\"article-list\">\n<li>Bundesrat Guy Parmelin ist im Bundesratsjet nach Washington DC unterwegs.<\/li>\n<li>Auch die Direktorin des Staatssekretariats f\u00fcr Wirtschaft (Seco), Helene Budliger Artieda, ist mit an Bord, wie Parmelins Departement gegen\u00fcber SRF best\u00e4tigt. <\/li>\n<li>Die beiden sollen um Mitternacht Ortszeit in der US-amerikanischen Hauptstadt landen. Erste Gespr\u00e4che mit dem US-Handelsbeauftragten Jamieson Greer sind f\u00fcr Donnerstag geplant.<\/li>\n<li>Donald Trump hatte zuletzt m\u00f6gliche Zollsenkungen f\u00fcr die Schweiz signalisiert.<\/li>\n<\/ul>\n<p class=\"article-paragraph\">Die Verhandlungen zwischen der Schweiz und den USA \u00fcber tiefere Z\u00f6lle scheinen in die entscheidende Phase zu kommen. Eine Schweizer Delegation ist auf dem Weg in die USA. \u00abIch kann best\u00e4tigen, dass Bundesrat Parmelin und Staatssekret\u00e4rin Budliger heute Nacht f\u00fcr weitere Gespr\u00e4che nach Washington DC reisen\u00bb, sagt ein Sprecher des eidgen\u00f6ssischen Departements f\u00fcr Wirtschaft, Bildung und Forschung (WBF) zu SRF. <\/p>\n<blockquote class=\"blockquote \">\n<p>\n        Ich kann best\u00e4tigen, dass Bundesrat Parmelin und Staatssekret\u00e4rin Budliger heute Nacht f\u00fcr weitere Gespr\u00e4che nach Washington DC reisen.\n    <\/p>\n<\/blockquote>\n<p class=\"article-paragraph\">Laut Informationen von SRF-Bundeshausredaktor Andy M\u00fcller haben Parmelin und Budliger Artieda einen internen Personalanlass am Mittwochabend in Bern fr\u00fchzeitig verlassen. Sie h\u00e4tten sich vor ihrem Flug nach Washington \u00abrecht optimistisch\u00bb gezeigt. Zudem habe die Seco-Staatssekret\u00e4rin ihre Teilnahme an einem Treffen mit den EU-Wirtschaftsministern f\u00fcr Donnerstag in Br\u00fcssel abgesagt.<\/p>\n<p>                                                        Trump zeigt sich verhandlungsbereit<\/p>\n<p class=\"article-paragraph\">J\u00fcngst zeigte sich US-Pr\u00e4sident Trump offen f\u00fcr Zollsenkungen gegen\u00fcber der Schweiz. \u00abWir arbeiten an einem Deal, um ihre Z\u00f6lle etwas zu senken\u00bb, so der US-Pr\u00e4sident am Dienstag auf eine Frage eines Journalisten. Auf Nachfrage wollte er jedoch keine konkrete Zahl nennen. \u00abWir arbeiten an etwas, um der Schweiz zu helfen\u00bb, so Trump weiter. Die Z\u00f6lle h\u00e4tten die Schweiz \u00absehr hart getroffen\u00bb, aber er wolle, dass die \u00abSchweiz erfolgreich bleibt\u00bb.<\/p>\n<p>                <img decoding=\"async\" alt=\"Flugzeug der Schweizer Luftwaffe beim Starten auf einer Landebahn.\" class=\"image__img\" loading=\"lazy\" src=\"data:image\/gif;base64,R0lGODlhAQABAIAAAAAAAP\/\/\/yH5BAEAAAAALAAAAAABAAEAAAIBRAA7\"\/><\/p>\n<p>                    Legende:<\/p>\n<p>                Bundesrat Parmelin und Staatssekret\u00e4rin Budliger sind unterwegs in die USA.<\/p>\n<p>                    KEYSTONE \/ Peter Klaunzer<\/p>\n<p class=\"article-paragraph\">Seit vergangene Woche eine Gruppe von Schweizer Wirtschaftsf\u00fchrern im Oval Office bei Trump war, geht es bei den Verhandlungen wieder vorw\u00e4rts. Wirtschaftsminister Parmelin telefonierte am vergangenen Freitag mit seinem US-Amtskollegen, dem Handelsbeauftragten Jamieson Greer. Parmelin sprach danach von \u00absehr konstruktiven Gespr\u00e4chen\u00bb.\u00a0<\/p>\n<p class=\"article-paragraph\">Laut Insidern steht eine Reduktion der US-Z\u00f6lle zur Diskussion \u2013 m\u00f6glicherweise auf 15 Prozent und damit in der gleichen H\u00f6he wie sie f\u00fcr die EU gelten. Aktuell wird ein deutlich h\u00f6herer Zollsatz von 39 Prozent erhoben. <\/p>\n<p>  Klicken, um die Teilen-Funktion zu \u00f6ffnen.<\/p>\n<p>            Teilen<\/p>\n","protected":false},"excerpt":{"rendered":"Klicken, um die Teilen-Funktion zu \u00f6ffnen. Teilen Bundesrat Guy Parmelin ist im Bundesratsjet nach Washington DC unterwegs. Auch&hellip;\n","protected":false},"author":2,"featured_media":570987,"comment_status":"","ping_status":"","sticky":false,"template":"","format":"standard","meta":{"footnotes":""},"categories":[3977],"tags":[331,332,13,14,15,12,4017,4018,4016,64,4019,4020],"class_list":{"0":"post-570986","1":"post","2":"type-post","3":"status-publish","4":"format-standard","5":"has-post-thumbnail","7":"category-usa","8":"tag-aktuelle-nachrichten","9":"tag-aktuelle-news","10":"tag-headlines","11":"tag-nachrichten","12":"tag-news","13":"tag-schlagzeilen","14":"tag-united-states","15":"tag-united-states-of-america","16":"tag-us","17":"tag-usa","18":"tag-vereinigte-staaten","19":"tag-vereinigte-staaten-von-amerika"},"share_on_mastodon":{"url":"https:\/\/pubeurope.com\/@de\/115539184494035018","error":""},"_links":{"self":[{"href":"https:\/\/www.europesays.com\/de\/wp-json\/wp\/v2\/posts\/570986","targetHints":{"allow":["GET"]}}],"collection":[{"href":"https:\/\/www.europesays.com\/de\/wp-json\/wp\/v2\/posts"}],"about":[{"href":"https:\/\/www.europesays.com\/de\/wp-json\/wp\/v2\/types\/post"}],"author":[{"embeddable":true,"href":"https:\/\/www.europesays.com\/de\/wp-json\/wp\/v2\/users\/2"}],"replies":[{"embeddable":true,"href":"https:\/\/www.europesays.com\/de\/wp-json\/wp\/v2\/comments?post=570986"}],"version-history":[{"count":0,"href":"https:\/\/www.europesays.com\/de\/wp-json\/wp\/v2\/posts\/570986\/revisions"}],"wp:featuredmedia":[{"embeddable":true,"href":"https:\/\/www.europesays.com\/de\/wp-json\/wp\/v2\/media\/570987"}],"wp:attachment":[{"href":"https:\/\/www.europesays.com\/de\/wp-json\/wp\/v2\/media?parent=570986"}],"wp:term":[{"taxonomy":"category","embeddable":true,"href":"https:\/\/www.europesays.com\/de\/wp-json\/wp\/v2\/categories?post=570986"},{"taxonomy":"post_tag","embeddable":true,"href":"https:\/\/www.europesays.com\/de\/wp-json\/wp\/v2\/tags?post=570986"}],"curies":[{"name":"wp","href":"https:\/\/api.w.org\/{rel}","templated":true}]}}