{"id":570990,"date":"2025-11-12T22:54:12","date_gmt":"2025-11-12T22:54:12","guid":{"rendered":"https:\/\/www.europesays.com\/de\/570990\/"},"modified":"2025-11-12T22:54:12","modified_gmt":"2025-11-12T22:54:12","slug":"rentenalter-in-frankreich-bleibt-bei-62-jahren-news","status":"publish","type":"post","link":"https:\/\/www.europesays.com\/de\/570990\/","title":{"rendered":"Rentenalter in Frankreich bleibt bei 62 Jahren &#8211; News"},"content":{"rendered":"<p>  Klicken, um die Teilen-Funktion zu \u00f6ffnen.<\/p>\n<p>            Teilen<\/p>\n<ul class=\"article-list\">\n<li>Das franz\u00f6sische Parlament hat f\u00fcr eine Aussetzung der umstrittenen Rentenreform von Pr\u00e4sident Emmanuel Macron gestimmt. <\/li>\n<li>Eine Mehrheit von 255 Abgeordneten votierte am Mittwoch daf\u00fcr, 146 votierten dagegen.<\/li>\n<li> Als n\u00e4chstes entscheidet der Senat.<\/li>\n<\/ul>\n<p class=\"article-paragraph\">Durch die Aussetzung der Reform bleibt das Renteneintrittsalter in Frankreich wohl bis nach der Pr\u00e4sidentschaftswahl 2027 bei 62 Jahren und neun Monaten, anstatt wie von Macron geplant auf 64 Jahre zu steigen. \u00abDreieinhalb Millionen Franzosen werden fr\u00fcher in Rente gehen k\u00f6nnen\u00bb, sagte die sozialistische Abgeordnete Melanie Thomin. <\/p>\n<p>                <img decoding=\"async\" alt=\"Mann.\" class=\"image__img\" loading=\"lazy\" src=\"data:image\/gif;base64,R0lGODlhAQABAIAAAAAAAP\/\/\/yH5BAEAAAAALAAAAAABAAEAAAIBRAA7\"\/><\/p>\n<p>                    Legende:<\/p>\n<p>                Frankreich k\u00e4mpft mit dem h\u00f6chsten Haushaltsdefizit in der Euro-Zone und hatte in den vergangenen zwei Jahren f\u00fcnf Ministerpr\u00e4sidenten.<\/p>\n<p>                    Keystone \/ STEPHANIE LECOCQ<\/p>\n<p class=\"article-paragraph\">Die Rentenreform gilt als wichtigstes Reformvorhaben Macrons zur St\u00e4rkung der Wettbewerbsf\u00e4higkeit Frankreichs. Die Abstimmung ist Teil des Streits \u00fcber den anstehenden Haushalt. <\/p>\n<p class=\"article-paragraph\">Die Regierung von Lecornu verf\u00fcgt \u00fcber keine eigene Mehrheit und hatte den Sozialisten die Aussetzung der Reform zugestanden, um deren Zustimmung f\u00fcr den Haushalt zu erhalten. Seit der vorgezogenen Neuwahl im vergangenen Jahr ist Macron auf die Unterst\u00fctzung anderer Parteien angewiesen. <\/p>\n<p>                                                        Haushaltsbudget in Gefahr <\/p>\n<p class=\"article-paragraph\">Das Zugest\u00e4ndnis d\u00fcrfte jedoch das Ziel der Regierung, das Haushaltsdefizit um 30 Milliarden Euro zu senken, erheblich gef\u00e4hrden. Damit die Aussetzung Gesetz wird, m\u00fcssen die Abgeordneten zu einem sp\u00e4teren Zeitpunkt noch dem gesamten Sozialversicherungs\u00adhaushalt zustimmen.<\/p>\n<p class=\"article-paragraph\">Investoren und die europ\u00e4ischen Partner Frankreichs beobachten die Lage genau. Das Land k\u00e4mpft mit dem h\u00f6chsten Haushaltsdefizit in der Euro-Zone und hatte in den vergangenen zwei Jahren f\u00fcnf Ministerpr\u00e4sidenten. <\/p>\n<p>  Klicken, um die Teilen-Funktion zu \u00f6ffnen.<\/p>\n<p>            Teilen<\/p>\n","protected":false},"excerpt":{"rendered":"Klicken, um die Teilen-Funktion zu \u00f6ffnen. Teilen Das franz\u00f6sische Parlament hat f\u00fcr eine Aussetzung der umstrittenen Rentenreform von&hellip;\n","protected":false},"author":2,"featured_media":570991,"comment_status":"","ping_status":"","sticky":false,"template":"","format":"standard","meta":{"footnotes":""},"categories":[3974],"tags":[331,332,548,663,3934,3980,156,13,14,15,12],"class_list":{"0":"post-570990","1":"post","2":"type-post","3":"status-publish","4":"format-standard","5":"has-post-thumbnail","7":"category-frankreich","8":"tag-aktuelle-nachrichten","9":"tag-aktuelle-news","10":"tag-eu","11":"tag-europa","12":"tag-europe","13":"tag-france","14":"tag-frankreich","15":"tag-headlines","16":"tag-nachrichten","17":"tag-news","18":"tag-schlagzeilen"},"share_on_mastodon":{"url":"https:\/\/pubeurope.com\/@de\/115539192597070264","error":""},"_links":{"self":[{"href":"https:\/\/www.europesays.com\/de\/wp-json\/wp\/v2\/posts\/570990","targetHints":{"allow":["GET"]}}],"collection":[{"href":"https:\/\/www.europesays.com\/de\/wp-json\/wp\/v2\/posts"}],"about":[{"href":"https:\/\/www.europesays.com\/de\/wp-json\/wp\/v2\/types\/post"}],"author":[{"embeddable":true,"href":"https:\/\/www.europesays.com\/de\/wp-json\/wp\/v2\/users\/2"}],"replies":[{"embeddable":true,"href":"https:\/\/www.europesays.com\/de\/wp-json\/wp\/v2\/comments?post=570990"}],"version-history":[{"count":0,"href":"https:\/\/www.europesays.com\/de\/wp-json\/wp\/v2\/posts\/570990\/revisions"}],"wp:featuredmedia":[{"embeddable":true,"href":"https:\/\/www.europesays.com\/de\/wp-json\/wp\/v2\/media\/570991"}],"wp:attachment":[{"href":"https:\/\/www.europesays.com\/de\/wp-json\/wp\/v2\/media?parent=570990"}],"wp:term":[{"taxonomy":"category","embeddable":true,"href":"https:\/\/www.europesays.com\/de\/wp-json\/wp\/v2\/categories?post=570990"},{"taxonomy":"post_tag","embeddable":true,"href":"https:\/\/www.europesays.com\/de\/wp-json\/wp\/v2\/tags?post=570990"}],"curies":[{"name":"wp","href":"https:\/\/api.w.org\/{rel}","templated":true}]}}