{"id":570999,"date":"2025-11-12T22:58:17","date_gmt":"2025-11-12T22:58:17","guid":{"rendered":"https:\/\/www.europesays.com\/de\/570999\/"},"modified":"2025-11-12T22:58:17","modified_gmt":"2025-11-12T22:58:17","slug":"regierungsfraktionen-einig-ueber-neuen-wehrdienst","status":"publish","type":"post","link":"https:\/\/www.europesays.com\/de\/570999\/","title":{"rendered":"Regierungsfraktionen einig \u00fcber neuen Wehrdienst"},"content":{"rendered":"<p>            <img loading=\"lazy\" decoding=\"async\" class=\"ts-image\" src=\"https:\/\/www.europesays.com\/de\/wp-content\/uploads\/2025\/11\/soldaten-uniform-100.jpg\" alt=\"Feldjacken h\u00e4ngen auf Kleiderb\u00fcgeln\" title=\"Feldjacken h\u00e4ngen auf Kleiderb\u00fcgeln | dpa\"\/><\/p>\n<p>                    <strong>eilmeldung<\/strong><\/p>\n<p class=\"metatextline\">Stand: 12.11.2025 23:23 Uhr<\/p>\n<p class=\"textabsatz columns twelve  m-ten  m-offset-one l-eight l-offset-two\">\n        <strong>Wie kann ein neuer Wehrdienst in Deutschland aussehen? Nach langem Streit gibt es laut dem ARD-Hauptstadtstudio eine Einigung zwischen CDU\/CSU und SPD. Details sollen am Morgen in einer Pressekonferenz bekannt werden.<\/strong>\n    <\/p>\n<p class=\"textabsatz m-ten m-offset-one l-eight l-offset-two columns twelve\">Die Fraktionen der schwarz-roten Koalition, CDU\/CSU und SPD, haben laut Informationen des ARD-Hauptstadtstudios eine Einigung dar\u00fcber erzielt, wie ein k\u00fcnftiger Wehrdienst in Deutschland aussehen kann. Details wurden zun\u00e4chst nicht bekannt. Am Morgen (neun Uhr) soll es eine Pressekonferenz geben und zuvor eine Fraktionssitzung der Union stattfinden. Auch eine SPD-Sitzung ist geplant.<\/p>\n<p class=\"textabsatz m-ten m-offset-one l-eight l-offset-two columns twelve\">Am Abend (18 Uhr) sollen dann die Spitzen von Union und SPD zu einer Sitzung des Koalitionsausschusses zusammenkommen.<\/p>\n<p class=\"textabsatz m-ten m-offset-one l-eight l-offset-two columns twelve\">In der Koalition war <a href=\"https:\/\/www.tagesschau.de\/inland\/gesellschaft\/bundeswehr-verteidigung-musterung-pistorius-100.html\" title=\"Pistorius rechnet bei Debatte um Wehrdienst mit Einigung\" target=\"_blank\" rel=\"noopener\">bereits damit gerechnet<\/a> worden, dass es noch in dieser Woche eine Einigung geben wird &#8211; unter anderem zu der Frage, wie konkret junge M\u00e4nner k\u00fcnftig f\u00fcr den Wehrdienst ausgew\u00e4hlt werden sollen. Die Gespr\u00e4che der Koalition \u00fcber strittige Details waren nach Angaben von Vizekanzler Lars Klingbeil (SPD) vom Dienstag &#8222;auf einer Schlussgeraden bei einer Einigung&#8220;.<\/p>\n<p class=\"textabsatz m-ten m-offset-one l-eight l-offset-two columns twelve\">Im Oktober hatte die Unionsfraktion das schon vom Kabinett verabschiedete Gesetz zum neuen Wehrdienst wegen Bedenken gestoppt. Strittig waren zuletzt Zielmarken f\u00fcr den Aufwuchs der Truppe und das Auswahlverfahren f\u00fcr den Fall, dass sich nicht ausreichend M\u00e4nner und Frauen f\u00fcr einen freiwilligen Dienst melden. Diskutiert wurde auch \u00fcber den k\u00fcnftigen Status der Wehrdienstleistenden. Verteidigungsminister Boris Pistorius (SPD) will, dass das Wehrdienstgesetz Anfang 2026 in Kraft tritt.\u00a0<\/p>\n","protected":false},"excerpt":{"rendered":"eilmeldung Stand: 12.11.2025 23:23 Uhr Wie kann ein neuer Wehrdienst in Deutschland aussehen? Nach langem Streit gibt es&hellip;\n","protected":false},"author":2,"featured_media":571000,"comment_status":"","ping_status":"","sticky":false,"template":"","format":"standard","meta":{"footnotes":""},"categories":[5],"tags":[331,332,3364,29,1764,30,13,14,15,12,14188,9414],"class_list":{"0":"post-570999","1":"post","2":"type-post","3":"status-publish","4":"format-standard","5":"has-post-thumbnail","7":"category-nachrichten","8":"tag-aktuelle-nachrichten","9":"tag-aktuelle-news","10":"tag-de","11":"tag-deutschland","12":"tag-eilmeldung","13":"tag-germany","14":"tag-headlines","15":"tag-nachrichten","16":"tag-news","17":"tag-schlagzeilen","18":"tag-schwarz-rot","19":"tag-wehrdienst"},"share_on_mastodon":{"url":"https:\/\/pubeurope.com\/@de\/115539209486481048","error":""},"_links":{"self":[{"href":"https:\/\/www.europesays.com\/de\/wp-json\/wp\/v2\/posts\/570999","targetHints":{"allow":["GET"]}}],"collection":[{"href":"https:\/\/www.europesays.com\/de\/wp-json\/wp\/v2\/posts"}],"about":[{"href":"https:\/\/www.europesays.com\/de\/wp-json\/wp\/v2\/types\/post"}],"author":[{"embeddable":true,"href":"https:\/\/www.europesays.com\/de\/wp-json\/wp\/v2\/users\/2"}],"replies":[{"embeddable":true,"href":"https:\/\/www.europesays.com\/de\/wp-json\/wp\/v2\/comments?post=570999"}],"version-history":[{"count":0,"href":"https:\/\/www.europesays.com\/de\/wp-json\/wp\/v2\/posts\/570999\/revisions"}],"wp:featuredmedia":[{"embeddable":true,"href":"https:\/\/www.europesays.com\/de\/wp-json\/wp\/v2\/media\/571000"}],"wp:attachment":[{"href":"https:\/\/www.europesays.com\/de\/wp-json\/wp\/v2\/media?parent=570999"}],"wp:term":[{"taxonomy":"category","embeddable":true,"href":"https:\/\/www.europesays.com\/de\/wp-json\/wp\/v2\/categories?post=570999"},{"taxonomy":"post_tag","embeddable":true,"href":"https:\/\/www.europesays.com\/de\/wp-json\/wp\/v2\/tags?post=570999"}],"curies":[{"name":"wp","href":"https:\/\/api.w.org\/{rel}","templated":true}]}}