{"id":571039,"date":"2025-11-12T23:20:33","date_gmt":"2025-11-12T23:20:33","guid":{"rendered":"https:\/\/www.europesays.com\/de\/571039\/"},"modified":"2025-11-12T23:20:33","modified_gmt":"2025-11-12T23:20:33","slug":"umbau-der-hildener-strasse-ist-so-gut-wie-fertig","status":"publish","type":"post","link":"https:\/\/www.europesays.com\/de\/571039\/","title":{"rendered":"Umbau der Hildener Stra\u00dfe ist so gut wie fertig"},"content":{"rendered":"<p class=\"text_ohne_einzug richtext text-em-55 !leading-serif mx-6 desktop:mx-0\"> Auch das gibt es noch: Schneller als urspr\u00fcnglich geplant hat die Landeshauptstadt die Neugestaltung der Hildener Stra\u00dfe zwischen dem Rheinbahndepot Benrath und der Stra\u00dfe Am Buchholzer Busch in Benrath abgeschlossen \u2013 oder so gut wie. Bei den Bauarbeiten sind im Sinne des Konzeptes \u201eWege f\u00fcr alle&#8220; in den vergangenen Monaten neue Radwege, ein neuer Kreisverkehr und barrierefreie Haltestellen entstanden. Aufgrund des Baufortschrittes konnte die Hildener Stra\u00dfe nun in beide Fahrtrichtungen wieder f\u00fcr den Verkehr freigegeben werden, teilte die Stadt am Mittwoch mit \u2013 dank eines verst\u00e4rkten Einsatzes von Personal und Maschinen. Arbeiten an den letzten Details w\u00fcrden in K\u00fcrze beendet.<\/p>\n","protected":false},"excerpt":{"rendered":"Auch das gibt es noch: Schneller als urspr\u00fcnglich geplant hat die Landeshauptstadt die Neugestaltung der Hildener Stra\u00dfe zwischen&hellip;\n","protected":false},"author":2,"featured_media":571040,"comment_status":"","ping_status":"","sticky":false,"template":"","format":"standard","meta":{"footnotes":""},"categories":[1831],"tags":[12985,5967,26693,17283,12180,3364,13395,29,3405,137576,30,13188,137573,137574,25730,65838,1209,137575,524,48312,81170,601,137577,102037],"class_list":{"0":"post-571039","1":"post","2":"type-post","3":"status-publish","4":"format-standard","5":"has-post-thumbnail","7":"category-duesseldorf","8":"tag-neugestaltung","9":"tag-verkehrsmanagement","10":"tag-abgeschlossen","11":"tag-beleuchtung","12":"tag-benrath","13":"tag-de","14":"tag-details","15":"tag-deutschland","16":"tag-duesseldorf","17":"tag-einsiedelstrasse","18":"tag-germany","19":"tag-gestaltung","20":"tag-hildener","21":"tag-konzeptes","22":"tag-kreisverkehr","23":"tag-monaten","24":"tag-nordrhein-westfalen","25":"tag-schimmelpfennigstrasse","26":"tag-strasse","27":"tag-strassenbeleuchtung","28":"tag-strassenbild","29":"tag-verkehr","30":"tag-verkehrlichen","31":"tag-verkehrsfluss"},"share_on_mastodon":{"url":"https:\/\/pubeurope.com\/@de\/115539295198602560","error":""},"_links":{"self":[{"href":"https:\/\/www.europesays.com\/de\/wp-json\/wp\/v2\/posts\/571039","targetHints":{"allow":["GET"]}}],"collection":[{"href":"https:\/\/www.europesays.com\/de\/wp-json\/wp\/v2\/posts"}],"about":[{"href":"https:\/\/www.europesays.com\/de\/wp-json\/wp\/v2\/types\/post"}],"author":[{"embeddable":true,"href":"https:\/\/www.europesays.com\/de\/wp-json\/wp\/v2\/users\/2"}],"replies":[{"embeddable":true,"href":"https:\/\/www.europesays.com\/de\/wp-json\/wp\/v2\/comments?post=571039"}],"version-history":[{"count":0,"href":"https:\/\/www.europesays.com\/de\/wp-json\/wp\/v2\/posts\/571039\/revisions"}],"wp:featuredmedia":[{"embeddable":true,"href":"https:\/\/www.europesays.com\/de\/wp-json\/wp\/v2\/media\/571040"}],"wp:attachment":[{"href":"https:\/\/www.europesays.com\/de\/wp-json\/wp\/v2\/media?parent=571039"}],"wp:term":[{"taxonomy":"category","embeddable":true,"href":"https:\/\/www.europesays.com\/de\/wp-json\/wp\/v2\/categories?post=571039"},{"taxonomy":"post_tag","embeddable":true,"href":"https:\/\/www.europesays.com\/de\/wp-json\/wp\/v2\/tags?post=571039"}],"curies":[{"name":"wp","href":"https:\/\/api.w.org\/{rel}","templated":true}]}}