{"id":571113,"date":"2025-11-12T23:59:12","date_gmt":"2025-11-12T23:59:12","guid":{"rendered":"https:\/\/www.europesays.com\/de\/571113\/"},"modified":"2025-11-12T23:59:12","modified_gmt":"2025-11-12T23:59:12","slug":"nahtlose-loesung-fuer-augsburger-marktgaststaette-gefunden","status":"publish","type":"post","link":"https:\/\/www.europesays.com\/de\/571113\/","title":{"rendered":"Nahtlose L\u00f6sung f\u00fcr Augsburger Marktgastst\u00e4tte gefunden"},"content":{"rendered":"<p class=\"mb-6 text-xs md:text-m lg:text-l font-serif group-[.font-sans]:font-sans \">\n    Die Marktgastst\u00e4tte auf dem Augsburger Stadtmarkt wird auch im Jahr 2026 ge\u00f6ffnet bleiben, wenn sich die langj\u00e4hrige Betreiberin Karin Brasseur zum Jahresende zur Ruhe setzt. Nach der Schlie\u00dfung zum 31. Dezember 2025 wird ab 2. Januar ein Trio aus ehemaligen Mitarbeitern weitermachen. Ralf Radnick wird Hauptinterimsp\u00e4chter sein, unterst\u00fctzt vom bisherigen Koch und einer weiteren Kollegin. <a href=\"https:\/\/www.augsburger-allgemeine.de\/augsburg\/fuer-marktgaststaette-in-augsburg-zeichnet-sich-eine-nachfolgeloesung-ab-111460002\" target=\"_self\" class=\"underline \" rel=\"noopener\">Dass sich eine solche L\u00f6sung abzeichnet, hatte unsere Redaktion bereits berichtet<\/a>. \u201eDass wir den Betrieb der Marktgastst\u00e4tte ohne Unterbrechung fortf\u00fchren k\u00f6nnen, ist ein gro\u00dfer Erfolg f\u00fcr alle Beteiligten und f\u00fcr den Stadtmarkt\u201c, so Wirtschaftsreferent Wolfgang H\u00fcbschle (CSU). \u201eSo sichern wir nicht nur die Kundenbindung, sondern erhalten auch die gastronomische Vielfalt am Stadtmarkt, trotz der laufenden Bauarbeiten.\u201c\n  <\/p>\n<p class=\"mb-6 text-xs md:text-m lg:text-l font-serif group-[.font-sans]:font-sans \">\n    Dauerhaft wird f\u00fcr die Marktgastst\u00e4tte eine andere L\u00f6sung gefunden werden m\u00fcssen, da die R\u00e4ume in die Jahre gekommen sind und saniert werden m\u00fcssen. Die Stadt will in absehbarer Zeit ein Interessenbekundungsverfahren starten. <a href=\"https:\/\/www.augsburger-allgemeine.de\/augsburg\/augsburger-stadtmarkt-torloesung-rueckt-naeher-110457551\" target=\"_self\" class=\"underline \" rel=\"noopener\">Der neue Betreiber wird auch die Bewirtung  auf dem neu gestalteten Bauermarkt \u00fcbernehmen. Diese wird k\u00fcnftig wom\u00f6glich auch in den Abendstunden m\u00f6glich sein<\/a>. (skro)\n  <\/p>\n<ul data-module-id=\"DragDropModule\" class=\"flex flex-wrap justify-start group-[.no-bookmarks]:hidden\">\n<li class=\"mb-3 mr-3\">\n    Stefan Krog<\/p>\n<p>      Icon Haken im Kreis gesetzt<\/p>\n<p>      Icon Plus im Kreis<\/p>\n<\/li>\n<li class=\"mb-3 mr-3\">\n    Ruhestand<\/p>\n<p>      Icon Haken im Kreis gesetzt<\/p>\n<p>      Icon Plus im Kreis<\/p>\n<\/li>\n<li class=\"mb-3 mr-3\">\n    Stadtmarkt<\/p>\n<p>      Icon Haken im Kreis gesetzt<\/p>\n<p>      Icon Plus im Kreis<\/p>\n<\/li>\n<\/ul>\n","protected":false},"excerpt":{"rendered":"Die Marktgastst\u00e4tte auf dem Augsburger Stadtmarkt wird auch im Jahr 2026 ge\u00f6ffnet bleiben, wenn sich die langj\u00e4hrige Betreiberin&hellip;\n","protected":false},"author":2,"featured_media":571114,"comment_status":"","ping_status":"","sticky":false,"template":"","format":"standard","meta":{"footnotes":""},"categories":[1846],"tags":[680,2461,772,774,3364,29,548,663,3934,30,13,137594,137593,14,15,8435,12,137595,137596],"class_list":{"0":"post-571113","1":"post","2":"type-post","3":"status-publish","4":"format-standard","5":"has-post-thumbnail","7":"category-augsburg","8":"tag-augsburg","9":"tag-baustelle","10":"tag-bayern","11":"tag-csu","12":"tag-de","13":"tag-deutschland","14":"tag-eu","15":"tag-europa","16":"tag-europe","17":"tag-germany","18":"tag-headlines","19":"tag-karin-brasseur","20":"tag-marktgaststaette","21":"tag-nachrichten","22":"tag-news","23":"tag-ruhestand","24":"tag-schlagzeilen","25":"tag-stadtmarkt","26":"tag-wolfgang-huebschle"},"share_on_mastodon":{"url":"https:\/\/pubeurope.com\/@de\/115539448135466218","error":""},"_links":{"self":[{"href":"https:\/\/www.europesays.com\/de\/wp-json\/wp\/v2\/posts\/571113","targetHints":{"allow":["GET"]}}],"collection":[{"href":"https:\/\/www.europesays.com\/de\/wp-json\/wp\/v2\/posts"}],"about":[{"href":"https:\/\/www.europesays.com\/de\/wp-json\/wp\/v2\/types\/post"}],"author":[{"embeddable":true,"href":"https:\/\/www.europesays.com\/de\/wp-json\/wp\/v2\/users\/2"}],"replies":[{"embeddable":true,"href":"https:\/\/www.europesays.com\/de\/wp-json\/wp\/v2\/comments?post=571113"}],"version-history":[{"count":0,"href":"https:\/\/www.europesays.com\/de\/wp-json\/wp\/v2\/posts\/571113\/revisions"}],"wp:featuredmedia":[{"embeddable":true,"href":"https:\/\/www.europesays.com\/de\/wp-json\/wp\/v2\/media\/571114"}],"wp:attachment":[{"href":"https:\/\/www.europesays.com\/de\/wp-json\/wp\/v2\/media?parent=571113"}],"wp:term":[{"taxonomy":"category","embeddable":true,"href":"https:\/\/www.europesays.com\/de\/wp-json\/wp\/v2\/categories?post=571113"},{"taxonomy":"post_tag","embeddable":true,"href":"https:\/\/www.europesays.com\/de\/wp-json\/wp\/v2\/tags?post=571113"}],"curies":[{"name":"wp","href":"https:\/\/api.w.org\/{rel}","templated":true}]}}