{"id":571138,"date":"2025-11-13T00:12:17","date_gmt":"2025-11-13T00:12:17","guid":{"rendered":"https:\/\/www.europesays.com\/de\/571138\/"},"modified":"2025-11-13T00:12:17","modified_gmt":"2025-11-13T00:12:17","slug":"ukrainekrieg-g7-wollen-kontaktlinie-in-der-ukraine-als-ausgangpunkt-fuer-verhandlung","status":"publish","type":"post","link":"https:\/\/www.europesays.com\/de\/571138\/","title":{"rendered":"Ukrainekrieg: G7 wollen Kontaktlinie in der Ukraine als Ausgangpunkt f\u00fcr Verhandlung"},"content":{"rendered":"<p class=\"paragraph article__item\">Die <a href=\"https:\/\/www.zeit.de\/thema\/aussenpolitik\" class=\"\" target=\"_blank\" rel=\"noopener\">Au\u00dfenminister <\/a>der sieben f\u00fchrenden westlichen Industriestaaten (G7) wollen den Druck auf Russland im <a class=\"rtr-entity\" href=\"https:\/\/www.zeit.de\/politik\/ausland\/ukraine-krieg-news-liveblog\" target=\"_blank\" rel=\"noopener\">Ukrainekrieg<\/a> weiter erh\u00f6hen. In einer gemeinsamen Erkl\u00e4rung haben sie eine sofortige Waffenruhe gefordert. Sie forderten, &#8222;dass die derzeitige Kontaktlinie der Ausgangspunkt f\u00fcr Verhandlungen sein sollte&#8220;. Dies bezieht sich auf Orte in der Ukraine.\u00a0Im Gegensatz zu Frontlinie oder Kampflinie umfasst die Kontaktlinie die Stellen, an denen sich die ukrainische und russische Armee gegen\u00fcberstehen, aber nicht unbedingt gegeneinander k\u00e4mpfen.\n<\/p>\n<p class=\"paragraph article__item\">Die Minister k\u00fcndigten zudem Wirtschaftssanktionen an, ohne konkreter zu werden. &#8222;Wir erh\u00f6hen die wirtschaftlichen Kosten f\u00fcr Russland und pr\u00fcfen Ma\u00dfnahmen gegen L\u00e4nder und Organisationen, die Russlands Kriegsanstrengungen mitfinanzieren&#8220;, hie\u00df es in der Erkl\u00e4rung.<\/p>\n<p class=\"paragraph article__item\">Hintergrund sind Zweifel an <a href=\"https:\/\/www.zeit.de\/thema\/russland\" class=\"\" target=\"_blank\" rel=\"noopener\">Russlands<\/a>\u00a0Verhandlungsbereitschaft, nachdem ein geplantes Gipfeltreffen zwischen US-Pr\u00e4sident Donald Trump und dem russischen Pr\u00e4sidenten Wladimir Putin im vergangenen Monat geplatzt war. An den G7-Gespr\u00e4chen nahm auch der ukrainische Au\u00dfenminister Andrij Sybiha teil. Er forderte f\u00fcr sein Land Raketen mit gr\u00f6\u00dferer Reichweite.\n<\/p>\n<p>        G7 kritisieren China wegen Waffenlieferungen        <\/p>\n<p class=\"paragraph article__item\">Die Au\u00dfenminister der G7 \u00e4u\u00dferten zudem scharfe Kritik an Chinas Unterst\u00fctzung f\u00fcr <a class=\"rtr-entity\" href=\"https:\/\/www.zeit.de\/thema\/russland\" target=\"_blank\" rel=\"noopener\">Russland<\/a>. Man verurteile die Lieferung von Waffen und sogenannten Dual-Use-G\u00fctern durch China, die entscheidend zum russischen Krieg gegen die Ukraine beitrage, hie\u00df es im Abschlussdokument der zweit\u00e4gigen Konferenz der Gruppe in Kanada.\n<\/p>\n<p class=\"paragraph article__item\">Dual-Use-G\u00fcter sind Produkte, die sowohl zu zivilen als auch zu milit\u00e4rischen Zwecken verwendet werden k\u00f6nnen. Die\u00a0G7 verurteilten auch Nordkorea und den Iran f\u00fcr eine milit\u00e4rische Unterst\u00fctzung Russlands.\u00a0\n<\/p>\n<p class=\"paragraph article__item\">Zu den\u00a0G7-L\u00e4ndern geh\u00f6ren Deutschland, die USA, Frankreich, Italien, Japan, Gro\u00dfbritannien und Kanada.\u00a0\n<\/p>\n<p>            Ukrainekrieg        <\/p>\n<p>Mehr zum Thema<\/p>\n<p>                <a href=\"https:\/\/www.zeit.de\/politik\/ausland\/karte-ukraine-krieg-russland-frontverlauf-truppenbewegungen\" data-ct-label=\"Ukrainekarte aktuell: Russische Soldaten r\u00fccken bei Pokrowsk vor\" target=\"_blank\" rel=\"noopener\"><\/p>\n<p>                        Ukrainekarte aktuell:<br \/>\n                        Russische Soldaten r\u00fccken bei Pokrowsk vor<\/p>\n<p>                <\/a><\/p>\n<p>                <a href=\"https:\/\/www.zeit.de\/2025\/47\/stromversorgung-ukraine-kyjiw-winter-angst\" data-ct-label=\"Stromversorgung in der Ukraine: &quot;Dann lege ich mich ins Bett und warte, bis das Licht wieder angeht&quot;\" target=\"_blank\" rel=\"noopener\"><\/p>\n<p>                        Stromversorgung in der Ukraine:<br \/>\n                        &#8222;Dann lege ich mich ins Bett und warte, bis das Licht wieder angeht&#8220;<\/p>\n<p>                <\/a><\/p>\n<p>                <a href=\"https:\/\/www.zeit.de\/politik\/ausland\/2025-11\/pokrowsk-offensive-russland-eroberung-ukrainekrieg\" data-ct-label=\"Offensive in Pokrowsk: Kommt der R\u00fcckzug wieder zu sp\u00e4t?\" target=\"_blank\" rel=\"noopener\"><\/p>\n<p>                        Offensive in Pokrowsk:<br \/>\n                        Kommt der R\u00fcckzug wieder zu sp\u00e4t?<\/p>\n<p>                <\/a><\/p>\n","protected":false},"excerpt":{"rendered":"Die Au\u00dfenminister der sieben f\u00fchrenden westlichen Industriestaaten (G7) wollen den Druck auf Russland im Ukrainekrieg weiter erh\u00f6hen. In&hellip;\n","protected":false},"author":2,"featured_media":571139,"comment_status":"","ping_status":"","sticky":false,"template":"","format":"standard","meta":{"footnotes":""},"categories":[4012],"tags":[331,332,137603,106,19104,13,137602,1435,14,15,16,307,9562,12,317,312,2066],"class_list":{"0":"post-571138","1":"post","2":"type-post","3":"status-publish","4":"format-standard","5":"has-post-thumbnail","7":"category-ukraine","8":"tag-aktuelle-nachrichten","9":"tag-aktuelle-news","10":"tag-ausgangpunkt","11":"tag-donald-trump","12":"tag-g7","13":"tag-headlines","14":"tag-kontaktlinie","15":"tag-krieg-in-der-ukraine","16":"tag-nachrichten","17":"tag-news","18":"tag-politik","19":"tag-russland","20":"tag-sanktion","21":"tag-schlagzeilen","22":"tag-ukraine","23":"tag-ukrainekrieg","24":"tag-verhandlung"},"share_on_mastodon":{"url":"https:\/\/pubeurope.com\/@de\/115539499281119996","error":""},"_links":{"self":[{"href":"https:\/\/www.europesays.com\/de\/wp-json\/wp\/v2\/posts\/571138","targetHints":{"allow":["GET"]}}],"collection":[{"href":"https:\/\/www.europesays.com\/de\/wp-json\/wp\/v2\/posts"}],"about":[{"href":"https:\/\/www.europesays.com\/de\/wp-json\/wp\/v2\/types\/post"}],"author":[{"embeddable":true,"href":"https:\/\/www.europesays.com\/de\/wp-json\/wp\/v2\/users\/2"}],"replies":[{"embeddable":true,"href":"https:\/\/www.europesays.com\/de\/wp-json\/wp\/v2\/comments?post=571138"}],"version-history":[{"count":0,"href":"https:\/\/www.europesays.com\/de\/wp-json\/wp\/v2\/posts\/571138\/revisions"}],"wp:featuredmedia":[{"embeddable":true,"href":"https:\/\/www.europesays.com\/de\/wp-json\/wp\/v2\/media\/571139"}],"wp:attachment":[{"href":"https:\/\/www.europesays.com\/de\/wp-json\/wp\/v2\/media?parent=571138"}],"wp:term":[{"taxonomy":"category","embeddable":true,"href":"https:\/\/www.europesays.com\/de\/wp-json\/wp\/v2\/categories?post=571138"},{"taxonomy":"post_tag","embeddable":true,"href":"https:\/\/www.europesays.com\/de\/wp-json\/wp\/v2\/tags?post=571138"}],"curies":[{"name":"wp","href":"https:\/\/api.w.org\/{rel}","templated":true}]}}