{"id":571226,"date":"2025-11-13T01:03:27","date_gmt":"2025-11-13T01:03:27","guid":{"rendered":"https:\/\/www.europesays.com\/de\/571226\/"},"modified":"2025-11-13T01:03:27","modified_gmt":"2025-11-13T01:03:27","slug":"schauspielerin-vivien-wulf-verlaesst-sturm-der-liebe","status":"publish","type":"post","link":"https:\/\/www.europesays.com\/de\/571226\/","title":{"rendered":"Schauspielerin Vivien Wulf verl\u00e4sst \u201eSturm der Liebe\u201d"},"content":{"rendered":"<p>Nach nur wenigen MonatenAusgetauscht! Diese Schauspielerin verl\u00e4sst \u201eSturm der Liebe\u201d<img alt=\"Schauspielerin Vivien Wulf ist nicht mehr Teil der Telenoveal.\" fetchpriority=\"high\" width=\"940\" height=\"529\" decoding=\"async\" data-nimg=\"1\" class=\"Image_image__SdgLQ Picture_image__vGN9W\" style=\"color:transparent\"   src=\"https:\/\/www.europesays.com\/de\/wp-content\/uploads\/2025\/11\/459099358.webp.webp\"\/><\/p>\n<p>Schauspielerin Vivien Wulf ist nicht mehr Teil der Telenovela.<\/p>\n<p>picture alliance \/ Panama Pictures | Christoph Hardt<\/p>\n<p>12. November 2025 um 21:50 Uhr<\/p>\n<p class=\"AnnotatedMarkup_paragraph__IUT9l\"><strong>Fliegender Wechsel statt st\u00fcrmischer Liebe!<\/strong><br \/>Seit Februar 2025 verk\u00f6rperte Schauspielerin Vivien Wulf die Rolle der selbstbewussten Erbin eines Edelsteinunternehmens, Larissa Mahnke. Doch damit ist ab Mittwoch (12. November) schon wieder Schluss!<\/p>\n<p>\u201eNicht m\u00f6glich, die Rolle (&#8230;) fortzuf\u00fchren\u201d<\/p>\n<p class=\"AnnotatedMarkup_paragraph__IUT9l\">Nach nur knapp zehn Monaten am F\u00fcrstenhof verl\u00e4sst Vivien Wulf die Vorabend-Telenovela der ARD. Der Grund: <strong>\u201eVivien Wulf war von Beginn an f\u00fcr einen zeitlich begrenzten Handlungsbogen in der Serie engagiert\u201d<\/strong>, erkl\u00e4rt ihr Management Joyn. Hierbei handele es sich um eine gemeinsame Entscheidung mit der Produktion, die von Anfang an so geplant gewesen sei.<\/p>\n<p class=\"AnnotatedMarkup_paragraph__IUT9l\">Das Problem: <strong>\u201eDurch die lange Produktionspause und \u00dcberschneidungen mit anderen Projekten, die sich im Abschluss befanden, war es leider nicht m\u00f6glich, die Rolle \u00fcber den urspr\u00fcnglich vereinbarten Zeitraum hinaus fortzuf\u00fchren<\/strong>\u201d, hei\u00dft es weiter.<\/p>\n<p class=\"AnnotatedMarkup_paragraph__IUT9l\">Doch Fans m\u00fcssen sich keine Sorgen machen: Die Rolle der Larissa bleibt!<\/p>\n<p>Video-Tipp: Abschiedstr\u00e4nen bei GZSZ-StarAnzeige:<\/p>\n<p>Empfehlungen unserer Partner<\/p>\n<p>Sie ist die Neue am F\u00fcrstenhof<\/p>\n<p class=\"AnnotatedMarkup_paragraph__IUT9l\">Die Figur der Larissa Mahnke ist auch weiterhin Teil von \u201eSturm der Liebe\u201d. \u00dcbernommen hat die Rolle Schauspielerin Anna Karolin Berger!<\/p>\n<p class=\"AnnotatedMarkup_paragraph__IUT9l\"><strong>Die 33-J\u00e4hrige kennt sich bereits gut mit Daily Soaps aus: Sie war unter anderem bereits Teil von \u201eUnter uns\u201d und \u201e<a href=\"https:\/\/www.rtl.de\/cms\/anna-karolin-berger-ist-neu-bei-awz-dieser-star-hat-sie-auf-die-idee-von-einer-schauspiel-ausbildung-gebracht-4899024.html\" target=\"_self\" rel=\"noopener\">Alles was z\u00e4hlt\u201d<\/a>!<\/strong> Jetzt ist die Vorfreude \u00fcber die neue Rolle gro\u00df: \u201eendlich ist es raus &#8211; i\u2019m turning into Larissa\u201d, schreibt die Schauspielerin vor einigen Wochen voller Vorfreude auf ihrem Instagram-Account.<\/p>\n<p class=\"AnnotatedMarkup_paragraph__IUT9l\"><strong>Lese-Tipp:<\/strong> <a href=\"https:\/\/www.rtl.de\/sendungen\/unter-uns\/unter-uns-neue-rolle-viola-wedekind-kommt-als-dana-guelek-mit-knall-in-die-schillerallee-id6869092.html\" target=\"_self\" rel=\"noopener\">Neues \u201eUnter uns\u201d-Gesicht kommt mit Knall in die Serie<\/a><\/p>\n<p class=\"AnnotatedMarkup_paragraph__IUT9l\"><strong>Anna Karolin Berger ist jedoch nicht das einzige neue Gesicht in der 22. Staffel der Telenovela:<\/strong> Bereits im September wurde bekannt, dass neben ihr noch zwei weitere Darsteller neu zum \u201eSturm der Liebe\u201d-Cast dazusto\u00dfen. (xas)<\/p>\n<p class=\"AnnotatedMarkup_paragraph__IUT9l\">Verwendete Quellen:<a rel=\"noopener noreferrer noFollow\" href=\"https:\/\/www.joyn.de\/bts\/serien\/sturm-der-liebe\/vivien-wulf-verlaesst-sturm-der-liebe-der-wahre-grund-fuer-ihren-ard-ausstieg-12095\" target=\"_blank\"> Joyn<\/a> \/<a rel=\"noopener noreferrer noFollow\" href=\"https:\/\/www.instagram.com\/annakarolinberger\/\" target=\"_blank\"> Instagram\/annakarolinberger<\/a><\/p>\n<p><script async src=\"\/\/www.instagram.com\/embed.js\"><\/script><\/p>\n","protected":false},"excerpt":{"rendered":"Nach nur wenigen MonatenAusgetauscht! Diese Schauspielerin verl\u00e4sst \u201eSturm der Liebe\u201d Schauspielerin Vivien Wulf ist nicht mehr Teil der&hellip;\n","protected":false},"author":2,"featured_media":571227,"comment_status":"","ping_status":"","sticky":false,"template":"","format":"standard","meta":{"footnotes":""},"categories":[1773],"tags":[223,29,214,30,471,1780,215],"class_list":{"0":"post-571226","1":"post","2":"type-post","3":"status-publish","4":"format-standard","5":"has-post-thumbnail","7":"category-serien","8":"tag-ard","9":"tag-deutschland","10":"tag-entertainment","11":"tag-germany","12":"tag-serien","13":"tag-series","14":"tag-unterhaltung"},"share_on_mastodon":{"url":"https:\/\/pubeurope.com\/@de\/115539700421722919","error":""},"_links":{"self":[{"href":"https:\/\/www.europesays.com\/de\/wp-json\/wp\/v2\/posts\/571226","targetHints":{"allow":["GET"]}}],"collection":[{"href":"https:\/\/www.europesays.com\/de\/wp-json\/wp\/v2\/posts"}],"about":[{"href":"https:\/\/www.europesays.com\/de\/wp-json\/wp\/v2\/types\/post"}],"author":[{"embeddable":true,"href":"https:\/\/www.europesays.com\/de\/wp-json\/wp\/v2\/users\/2"}],"replies":[{"embeddable":true,"href":"https:\/\/www.europesays.com\/de\/wp-json\/wp\/v2\/comments?post=571226"}],"version-history":[{"count":0,"href":"https:\/\/www.europesays.com\/de\/wp-json\/wp\/v2\/posts\/571226\/revisions"}],"wp:featuredmedia":[{"embeddable":true,"href":"https:\/\/www.europesays.com\/de\/wp-json\/wp\/v2\/media\/571227"}],"wp:attachment":[{"href":"https:\/\/www.europesays.com\/de\/wp-json\/wp\/v2\/media?parent=571226"}],"wp:term":[{"taxonomy":"category","embeddable":true,"href":"https:\/\/www.europesays.com\/de\/wp-json\/wp\/v2\/categories?post=571226"},{"taxonomy":"post_tag","embeddable":true,"href":"https:\/\/www.europesays.com\/de\/wp-json\/wp\/v2\/tags?post=571226"}],"curies":[{"name":"wp","href":"https:\/\/api.w.org\/{rel}","templated":true}]}}