{"id":571278,"date":"2025-11-13T01:31:20","date_gmt":"2025-11-13T01:31:20","guid":{"rendered":"https:\/\/www.europesays.com\/de\/571278\/"},"modified":"2025-11-13T01:31:20","modified_gmt":"2025-11-13T01:31:20","slug":"st-top-themen-12-november-2025","status":"publish","type":"post","link":"https:\/\/www.europesays.com\/de\/571278\/","title":{"rendered":"ST Top-Themen &#8211; 12. November 2025"},"content":{"rendered":"<p class=\"Textstyled__Text-sc-1cqv9mi-0 cLyiiX\">Guten Abend, liebe Leserinnen und Leser,<\/p>\n<p>Weiterlesen nach der Anzeige<\/p>\n<p>Weiterlesen nach der Anzeige<\/p>\n<p class=\"Textstyled__Text-sc-1cqv9mi-0 cLyiiX\">im <a href=\"https:\/\/www.solinger-tageblatt.de\/lokales\/solingen\/prozess-um-versuchten-mord-in-solingen-detektivfotos-werfen-fragen-auf-2RIUEN3GSNGWLDMPS572JDT7TY.html\" target=\"_blank\" rel=\"noreferrer nofollow noopener\" title=\"https:\/\/www.solinger-tageblatt.de\/lokales\/solingen\/prozess-um-versuchten-mord-in-solingen-detektivfotos-werfen-fragen-auf-2RIUEN3GSNGWLDMPS572JDT7TY.html\" data-vars-event-category=\"intext_link\" data-vars-event-action=\"click\" data-vars-event-label=\"https:\/\/www.solinger-tageblatt.de\/lokales\/solingen\/prozess-um-versuchten-mord-in-solingen-detektivfotos-werfen-fragen-auf-2RIUEN3GSNGWLDMPS572JDT7TY.html\">Verfahren um ein versuchtes T\u00f6tungsdelikt<\/a> mit einem Gel\u00e4ndewagen an der Stra\u00dfe Landwehr tauchen private Aufnahmen des Opfers und dessen Familie auf. Sie stammen von Detektiven der Verteidigung \u2013 und werfen Fragen zur Glaubw\u00fcrdigkeit des Gesch\u00e4digten auf. Aus dem Landgericht Wuppertal berichtet unser Mitarbeiter Dirk Lotze.<\/p>\n<p class=\"Textstyled__Text-sc-1cqv9mi-0 cLyiiX\">Mit 16 Spezialfahrzeugen und einem soliden Streugutbestand starten die TBS in wenigen Wochen in den Winterdienst. Wenn Schnee und Eis wieder Einzug ins Bergische halten, ist der st\u00e4dtische Betrieb gut gewappnet. Meine Kollegin Kristin Dowe konnte unter anderem einen <a href=\"https:\/\/www.solinger-tageblatt.de\/lokales\/solingen\/solingen-salzlager-der-technischen-betriebe-ist-mit-1200-tonnen-prall-gefuellt-CNLGHYS2PREGJOHMVFIAVUU7RM.html\" target=\"_blank\" rel=\"noreferrer nofollow noopener\" title=\"https:\/\/www.solinger-tageblatt.de\/lokales\/solingen\/solingen-salzlager-der-technischen-betriebe-ist-mit-1200-tonnen-prall-gefuellt-CNLGHYS2PREGJOHMVFIAVUU7RM.html\" data-vars-event-category=\"intext_link\" data-vars-event-action=\"click\" data-vars-event-label=\"https:\/\/www.solinger-tageblatt.de\/lokales\/solingen\/solingen-salzlager-der-technischen-betriebe-ist-mit-1200-tonnen-prall-gefuellt-CNLGHYS2PREGJOHMVFIAVUU7RM.html\">Blick ins Salzlager werfen<\/a>.<\/p>\n<p class=\"Textstyled__Text-sc-1cqv9mi-0 cLyiiX\">Eine Solinger Firma will expandieren. Die Politik will sie auf dem alten Sportplatz St\u00f6cken ansiedeln. Anwohner haben dagegen eine Petition gestartet: Sie f\u00fcrchten einen Kahlschlag der Natur. Der neue Oberb\u00fcrgermeister betont jetzt, dass eine <a href=\"https:\/\/www.solinger-tageblatt.de\/lokales\/solingen\/neues-gewerbegebiet-in-solingen-ob-hat-klare-meinung-anwohner-starten-petition-PCATOV3YMJFZNCBY2ATTY7ZK2U.html\" target=\"_blank\" rel=\"noreferrer nofollow noopener\" title=\"https:\/\/www.solinger-tageblatt.de\/lokales\/solingen\/neues-gewerbegebiet-in-solingen-ob-hat-klare-meinung-anwohner-starten-petition-PCATOV3YMJFZNCBY2ATTY7ZK2U.html\" data-vars-event-category=\"intext_link\" data-vars-event-action=\"click\" data-vars-event-label=\"https:\/\/www.solinger-tageblatt.de\/lokales\/solingen\/neues-gewerbegebiet-in-solingen-ob-hat-klare-meinung-anwohner-starten-petition-PCATOV3YMJFZNCBY2ATTY7ZK2U.html\">weitere Fl\u00e4che entwickelt werden soll<\/a> \u2013 mindestens. Mein Kollege Timo Lemmer berichtet.<\/p>\n<p>Weiterlesen nach der Anzeige<\/p>\n<p>Weiterlesen nach der Anzeige<\/p>\n<p class=\"Textstyled__Text-sc-1cqv9mi-0 cLyiiX\">Ich w\u00fcnsche Ihnen noch einen sch\u00f6nen Abend!<\/p>\n<p class=\"Textstyled__Text-sc-1cqv9mi-0 cLyiiX\">Ihre <a href=\"https:\/\/www.solinger-tageblatt.de\/autoren\/verena-mandry\/\" target=\"_blank\" rel=\"nofollow noopener\" title=\"https:\/\/www.solinger-tageblatt.de\/autoren\/verena-mandry\/\" data-vars-event-category=\"intext_link\" data-vars-event-action=\"click\" data-vars-event-label=\"https:\/\/www.solinger-tageblatt.de\/autoren\/verena-mandry\/\">Verena Mandry<\/a><\/p>\n<p>Dar\u00fcber redet SolingenDas sollte man wissen<\/p>\n<p>Weiterlesen nach der Anzeige<\/p>\n<p>Weiterlesen nach der Anzeige<\/p>\n<p>Das ist wichtig in Deutschland und der Welt<\/p>\n<p>Weiterlesen nach der Anzeige<\/p>\n<p>Weiterlesen nach der Anzeige<\/p>\n<p>Und dar\u00fcber redet die Sport-SzeneErz\u00e4hlen Sie Freunden und Kollegen vom neuen ST!<\/p>\n<p class=\"Textstyled__Text-sc-1cqv9mi-0 cLyiiX\">Gefallen Ihnen die Top-News aus Solingen? Dann empfehlen Sie gern Freunden und Bekannten unseren kostenlosen t\u00e4glichen Newsletter. Er erscheint t\u00e4glich um 18 Uhr. <a href=\"https:\/\/www.solinger-tageblatt.de\/newsletter\/st-die-woche\" rel=\"noopener noreferrer nofollow\" title=\"https:\/\/www.solinger-tageblatt.de\/newsletter\/st-die-woche\" data-vars-event-category=\"intext_link\" data-vars-event-action=\"click\" data-vars-event-label=\"https:\/\/www.solinger-tageblatt.de\/newsletter\/st-die-woche\" target=\"_blank\">Hier k\u00f6nnen Freunde \u201eST Top-Themen\u201c abonnieren.<\/a><\/p>\n<p>Weiterlesen nach der Anzeige<\/p>\n<p>Weiterlesen nach der Anzeige<\/p>\n<p class=\"Textstyled__Text-sc-1cqv9mi-0 cLyiiX\">Folgen Sie uns auf unseren Social Media-Kan\u00e4len: Schauen Sie doch mal auf unseren Kan\u00e4len auf <a href=\"https:\/\/www.instagram.com\/solingertageblatt\" target=\"_blank\" rel=\"noopener noreferrer nofollow\" title=\"https:\/\/www.instagram.com\/solingertageblatt\" data-vars-event-category=\"intext_link\" data-vars-event-action=\"click\" data-vars-event-label=\"https:\/\/www.instagram.com\/solingertageblatt\">Instagram<\/a> und <a href=\"https:\/\/www.facebook.com\/sgtageblatt\" target=\"_blank\" rel=\"noopener noreferrer nofollow\" title=\"https:\/\/www.facebook.com\/sgtageblatt\" data-vars-event-category=\"intext_link\" data-vars-event-action=\"click\" data-vars-event-label=\"https:\/\/www.facebook.com\/sgtageblatt\">Facebook<\/a> vorbei!<\/p>\n<p class=\"Editorialstyled__Editorial-sc-1bfvh9l-0 cSmjnJ\">ST<\/p>\n<p><script async src=\"\/\/www.instagram.com\/embed.js\"><\/script><\/p>\n","protected":false},"excerpt":{"rendered":"Guten Abend, liebe Leserinnen und Leser, Weiterlesen nach der Anzeige Weiterlesen nach der Anzeige im Verfahren um ein&hellip;\n","protected":false},"author":2,"featured_media":296653,"comment_status":"","ping_status":"","sticky":false,"template":"","format":"standard","meta":{"footnotes":""},"categories":[1840],"tags":[3364,29,30,1209,4418],"class_list":{"0":"post-571278","1":"post","2":"type-post","3":"status-publish","4":"format-standard","5":"has-post-thumbnail","7":"category-wuppertal","8":"tag-de","9":"tag-deutschland","10":"tag-germany","11":"tag-nordrhein-westfalen","12":"tag-wuppertal"},"share_on_mastodon":{"url":"https:\/\/pubeurope.com\/@de\/115539809895241296","error":""},"_links":{"self":[{"href":"https:\/\/www.europesays.com\/de\/wp-json\/wp\/v2\/posts\/571278","targetHints":{"allow":["GET"]}}],"collection":[{"href":"https:\/\/www.europesays.com\/de\/wp-json\/wp\/v2\/posts"}],"about":[{"href":"https:\/\/www.europesays.com\/de\/wp-json\/wp\/v2\/types\/post"}],"author":[{"embeddable":true,"href":"https:\/\/www.europesays.com\/de\/wp-json\/wp\/v2\/users\/2"}],"replies":[{"embeddable":true,"href":"https:\/\/www.europesays.com\/de\/wp-json\/wp\/v2\/comments?post=571278"}],"version-history":[{"count":0,"href":"https:\/\/www.europesays.com\/de\/wp-json\/wp\/v2\/posts\/571278\/revisions"}],"wp:featuredmedia":[{"embeddable":true,"href":"https:\/\/www.europesays.com\/de\/wp-json\/wp\/v2\/media\/296653"}],"wp:attachment":[{"href":"https:\/\/www.europesays.com\/de\/wp-json\/wp\/v2\/media?parent=571278"}],"wp:term":[{"taxonomy":"category","embeddable":true,"href":"https:\/\/www.europesays.com\/de\/wp-json\/wp\/v2\/categories?post=571278"},{"taxonomy":"post_tag","embeddable":true,"href":"https:\/\/www.europesays.com\/de\/wp-json\/wp\/v2\/tags?post=571278"}],"curies":[{"name":"wp","href":"https:\/\/api.w.org\/{rel}","templated":true}]}}