{"id":571299,"date":"2025-11-13T01:44:17","date_gmt":"2025-11-13T01:44:17","guid":{"rendered":"https:\/\/www.europesays.com\/de\/571299\/"},"modified":"2025-11-13T01:44:17","modified_gmt":"2025-11-13T01:44:17","slug":"wehrdienstgesetz-union-und-spd-einigen-sich-im-koalitionsstreit-ueber-die-wehrpflicht","status":"publish","type":"post","link":"https:\/\/www.europesays.com\/de\/571299\/","title":{"rendered":"Wehrdienstgesetz: Union und SPD einigen sich im Koalitionsstreit \u00fcber die Wehrpflicht"},"content":{"rendered":"<p>\n                        Fraktionsvertreter von Union und SPD haben mit Boris Pistorius eine \u00dcbereinkunft beim Wehrdienst getroffen. Details sind bisher nicht bekannt.\n                    <\/p>\n<p>        Ihr Browser unterst\u00fctzt die Wiedergabe von Audio Dateien nicht. Download der Datei als mp3: https:\/\/zon-speechbert-production.s3.eu-central-1.amazonaws.com\/articles\/dcbeba5b-b281-4e99-b11e-9742fa79fc02\/full_d1b921ec9c351a3e69f06238a1d2f1f5ec0f275a09cc81fc034436b2ca50890d9c6de90f21a942d71f09793f5a870810.mp3    <\/p>\n<p>                    2 Min.<\/p>\n<p>            -1:35<\/p>\n<p>            0.5x<br \/>\n            0.75x<br \/>\n            1.0x<br \/>\n            1.25x<br \/>\n            1.5x<br \/>\n            2.0x<\/p>\n<p>        <a class=\"z-text-button\" href=\"#comments\" title=\"Kommentare anzeigen\" data-ct-row=\"comments\" data-ct-column=\"false\"><\/p>\n<p>            72 Kommentare<br \/>\n        <\/a><br \/>\n    Zusammenfassen<\/p>\n<p>                Schlie\u00dfen<br \/>\n                Artikelzusammenfassung<\/p>\n<p>Union und SPD einigen sich nach Streit auf neues Wehrdienstgesetz. Urspr\u00fcngliche Einigung im Oktober hinf\u00e4llig. Pistorius fordert umfassende Musterung statt Losverfahren. Neues Gesetz soll Anfang 2026 in Kraft treten. Bundeswehr soll um 80.000 auf 260.000 Soldaten wachsen.<\/p>\n<p>                Diese Zusammenfassung wurde mithilfe von K\u00fcnstlicher Intelligenz erstellt. Vereinzelt kann es dabei zu Fehlern kommen.<\/p>\n<p class=\"summy__feedback-paragraph\">Fanden Sie die Zusammenfassung hilfreich? <\/p>\n<p>                        Gef\u00e4llt mir<\/p>\n<p>                        Gef\u00e4llt mir<\/p>\n<p>                        Gef\u00e4llt mir nicht<\/p>\n<p>                        Gef\u00e4llt mir nicht<\/p>\n<p>                        Send<\/p>\n<p>        Diese Audioversion wurde k\u00fcnstlich erzeugt.<\/p>\n<p>                        Schlie\u00dfen<br \/>\n                        Die Audioversion dieses Artikels wurde k\u00fcnstlich erzeugt.<br \/>\n                        Wir entwickeln dieses Angebot stetig weiter und freuen uns \u00fcber <a href=\"https:\/\/www.zeit.de\/politik\/deutschland\/2025-11\/mailto:audiofeedback@zeit.de?subject=Feedback%20TTS\" target=\"_blank\" rel=\"noopener\">Ihr Feedback<\/a>.<\/p>\n<p>            <img decoding=\"async\" class=\"article__media-item\" src=\"https:\/\/www.europesays.com\/de\/wp-content\/uploads\/2025\/11\/1762998257_302_wide__1000x562.jpeg\" alt=\"Wehrdienstgesetz: Ein m\u00f6gliches Losverfahren f\u00fcr den Wehrdienst war zuletzt heftig umstritten.\"\/><\/p>\n<p>                    Ein m\u00f6gliches Losverfahren f\u00fcr den Wehrdienst war zuletzt heftig umstritten.<br \/>\n            \u00a9\u00a0Tobias Schwarz\/\u200bAFP\/\u200bGetty Images<\/p>\n<p class=\"paragraph article__item\">Politiker von Union und <a class=\"rtr-entity\" href=\"https:\/\/www.zeit.de\/thema\/spd\" target=\"_blank\" rel=\"noopener\">SPD<\/a> haben nach einem <a href=\"https:\/\/www.zeit.de\/politik\/deutschland\/2025-11\/wehrdienst-debatte-musterung-wehrpflicht-bundeswehr\" class=\"\" target=\"_blank\" rel=\"noopener\">mehrw\u00f6chigen Streit \u00fcber das neue Wehrdienstgesetz<\/a> eine grunds\u00e4tzliche Einigung erzielt. Das berichteten mehrere Medien \u00fcbereinstimmend. \u00dcber das Modell sollen am Donnerstagmorgen zun\u00e4chst die Fraktionen und dann die \u00d6ffentlichkeit informiert werden.\u00a0\n<\/p>\n<p class=\"paragraph article__item\">Eigentlich waren sich die Fraktionen von Union und SPD in der Debatte \u00fcber ein Wehrdienstgesetz schon im Oktober einig geworden. Damals legten sie Eckpunkte f\u00fcr den Fall fest, dass sich nicht genug<br \/>\nFreiwillige f\u00fcr den geplanten Aufwuchs der Personalst\u00e4rke der Bundeswehr<br \/>\n finden. Enthalten war darin auch ein\u00a0<a href=\"https:\/\/www.zeit.de\/politik\/deutschland\/2025-10\/wehrdienst-losverfahren-ablehnung-kritik-umfrage-forsa\" class=\"\" target=\"_blank\" rel=\"noopener\">Losverfahren<\/a>, das die Unionsfraktion vorgeschlagen hatte.\u00a0<\/p>\n<p class=\"paragraph article__item\">Pistorius\u00a0<a href=\"https:\/\/www.zeit.de\/politik\/deutschland\/2025-10\/wehrpflicht-bundestag-pistorius-debatte-wehrdienstgesetz\" class=\"\" target=\"_blank\" rel=\"noopener\">lehnte diese Einigung jedoch ab<\/a><br \/>\n und erhielt daf\u00fcr Unterst\u00fctzung aus seiner Fraktion.\u00a0Der Minister fordert<br \/>\n statt eines Zufallsverfahrens eine <a href=\"https:\/\/www.zeit.de\/politik\/deutschland\/2025-11\/wehrdienst-debatte-boris-pistorius-musterung-losverfahren-ablehnung\" class=\"\" target=\"_blank\" rel=\"noopener\">umfassende Musterung aller M\u00e4nner<\/a>, bei der nach Qualifikation und Motivation entschieden werden soll. Bislang ist geplant, dass das neue Wehrdienstgesetz Anfang 2026 in Kraft tritt.\n<\/p>\n<p class=\"paragraph article__item\">Wegen der Bedrohung durch Russland und der deswegen ver\u00e4nderten Nato-Planungen soll die Bundeswehr um rund 80.000 auf 260.000 M\u00e4nner und Frauen in der stehenden Truppe wachsen. Zudem soll es 200.000 Reservisten geben, deren Zahl vor allem mit dem neuen Wehrdienst gesteigert werden soll.\n<\/p>\n<p>            Wehrpflicht        <\/p>\n<p>Mehr zum Thema<\/p>\n<p>                <a href=\"https:\/\/www.zeit.de\/politik\/deutschland\/2025-11\/wehrdienst-debatte-musterung-wehrpflicht-bundeswehr\" data-ct-label=\"Wehrdienst-Debatte: Was wird aus der neuen Wehrpflicht?\" target=\"_blank\" rel=\"noopener\"><\/p>\n<p>        Z+ (abopflichtiger Inhalt);<\/p>\n<p>    Wehrdienst-Debatte:<br \/>\n                        Was wird aus der neuen Wehrpflicht?<\/p>\n<p>                <\/a><\/p>\n<p>                <a href=\"https:\/\/www.zeit.de\/2025\/46\/wehrdienst-weltweit-modelle-vorbild-wehrpflicht\" data-ct-label=\"Wehrdienst: Stell dir vor, es ist Pflicht\" target=\"_blank\" rel=\"noopener\"><\/p>\n<p>        Z+ (abopflichtiger Inhalt);<\/p>\n<p>    Wehrdienst:<br \/>\n                        Stell dir vor, es ist Pflicht<\/p>\n<p>                <\/a><\/p>\n","protected":false},"excerpt":{"rendered":"Fraktionsvertreter von Union und SPD haben mit Boris Pistorius eine \u00dcbereinkunft beim Wehrdienst getroffen. Details sind bisher nicht&hellip;\n","protected":false},"author":2,"featured_media":571300,"comment_status":"","ping_status":"","sticky":false,"template":"","format":"standard","meta":{"footnotes":""},"categories":[5],"tags":[331,332,3364,29,30,13,135515,14,15,16,12,184,75322,690],"class_list":{"0":"post-571299","1":"post","2":"type-post","3":"status-publish","4":"format-standard","5":"has-post-thumbnail","7":"category-nachrichten","8":"tag-aktuelle-nachrichten","9":"tag-aktuelle-news","10":"tag-de","11":"tag-deutschland","12":"tag-germany","13":"tag-headlines","14":"tag-koalitionsstreit","15":"tag-nachrichten","16":"tag-news","17":"tag-politik","18":"tag-schlagzeilen","19":"tag-spd","20":"tag-wehrdienstgesetz","21":"tag-wehrpflicht"},"share_on_mastodon":{"url":"https:\/\/pubeurope.com\/@de\/115539861000358850","error":""},"_links":{"self":[{"href":"https:\/\/www.europesays.com\/de\/wp-json\/wp\/v2\/posts\/571299","targetHints":{"allow":["GET"]}}],"collection":[{"href":"https:\/\/www.europesays.com\/de\/wp-json\/wp\/v2\/posts"}],"about":[{"href":"https:\/\/www.europesays.com\/de\/wp-json\/wp\/v2\/types\/post"}],"author":[{"embeddable":true,"href":"https:\/\/www.europesays.com\/de\/wp-json\/wp\/v2\/users\/2"}],"replies":[{"embeddable":true,"href":"https:\/\/www.europesays.com\/de\/wp-json\/wp\/v2\/comments?post=571299"}],"version-history":[{"count":0,"href":"https:\/\/www.europesays.com\/de\/wp-json\/wp\/v2\/posts\/571299\/revisions"}],"wp:featuredmedia":[{"embeddable":true,"href":"https:\/\/www.europesays.com\/de\/wp-json\/wp\/v2\/media\/571300"}],"wp:attachment":[{"href":"https:\/\/www.europesays.com\/de\/wp-json\/wp\/v2\/media?parent=571299"}],"wp:term":[{"taxonomy":"category","embeddable":true,"href":"https:\/\/www.europesays.com\/de\/wp-json\/wp\/v2\/categories?post=571299"},{"taxonomy":"post_tag","embeddable":true,"href":"https:\/\/www.europesays.com\/de\/wp-json\/wp\/v2\/tags?post=571299"}],"curies":[{"name":"wp","href":"https:\/\/api.w.org\/{rel}","templated":true}]}}