{"id":571354,"date":"2025-11-13T02:15:59","date_gmt":"2025-11-13T02:15:59","guid":{"rendered":"https:\/\/www.europesays.com\/de\/571354\/"},"modified":"2025-11-13T02:15:59","modified_gmt":"2025-11-13T02:15:59","slug":"diebstahl-von-luxusautos-jahrelange-haft-fuer-angeklagte","status":"publish","type":"post","link":"https:\/\/www.europesays.com\/de\/571354\/","title":{"rendered":"Diebstahl von Luxusautos: Jahrelange Haft f\u00fcr Angeklagte"},"content":{"rendered":"<p>\n            Stand: 12.11.2025 17:03 Uhr<\/p>\n<p class=\"preface\">Zwei M\u00e4nner aus Litauen haben mehrere Luxusautos in Hamburg, Schleswig-Holstein und Niedersachsen gestohlen. Daf\u00fcr sind sie am Mittwoch zu sieben und knapp f\u00fcnf Jahren Gef\u00e4ngnis verurteilt worden.<\/p>\n<p class=\"\">Die Autos waren zum Teil mehr als 100.000 Euro wert. Insgesamt 20 Fahrzeuge haben die beiden Angeklagten innerhalb eines Jahres gestohlen, nicht nur in Hamburg, sondern auch in Schleswig-Holstein und in Niedersachsen. Gesch\u00e4tzter Gesamtschaden: rund zwei Millionen Euro. Die beiden M\u00e4nner im Alter von 44 und 25 Jahren sollen allerdings f\u00fcr jedes Auto, das sie ins Ausland brachten, nur um die 2.000 Euro bekommen haben.<\/p>\n<p>    Angeklagte legen vor Gericht Gest\u00e4ndnisse ab<\/p>\n<p class=\"\">Im M\u00e4rz waren die beiden in Jenfeld festgenommen worden. Wegen schweren Bandendiebstahls hat das Landgericht Hamburg sie nun zu sieben Jahren bzw. knapp f\u00fcnf Jahren Haft verurteilt. Vor Gericht hatten die beiden M\u00e4nner Gest\u00e4ndnisse abgelegt. Von den gestohlenen Fahrzeugen konnten nur drei sichergestellt werden.<\/p>\n<p>        <img decoding=\"async\" src=\"https:\/\/www.europesays.com\/de\/wp-content\/uploads\/2025\/11\/autodiebstahl232.webp\" alt=\"Autodieb beim Stehlen von einem Auto.\" title=\"Autodieb beim Stehlen von einem Auto. | picture alliance, Robert Kneschke\" class=\"responsive\" loading=\"lazy\"\/><\/p>\n<p>Dass die Zahl der gestohlenen Fahrzeuge dort im vergangenen Jahr deutlich gestiegen ist, zeigt die Kriminalstatistik der Polizei.<\/p>\n<p>Dieses Thema im Programm:<\/p>\n<p>                NDR Fernsehen | Hamburg Journal 18:00 Uhr | 12.11.2025 | 18:00 Uhr<\/p>\n<p>        Schlagw\u00f6rter zu diesem Artikel<\/p>\n<p>            <a href=\"https:\/\/www.ndr.de\/ratgeber\/tipps-rund-ums-auto,auto519.html\" target=\"_blank\" rel=\"noopener\">Auto<\/a><\/p>\n","protected":false},"excerpt":{"rendered":"Stand: 12.11.2025 17:03 Uhr Zwei M\u00e4nner aus Litauen haben mehrere Luxusautos in Hamburg, Schleswig-Holstein und Niedersachsen gestohlen. Daf\u00fcr&hellip;\n","protected":false},"author":2,"featured_media":571355,"comment_status":"","ping_status":"","sticky":false,"template":"","format":"standard","meta":{"footnotes":""},"categories":[1826],"tags":[513,29,1686,30,3029,692,691,4933,812,75610,393,1411,1971,17990],"class_list":{"0":"post-571354","1":"post","2":"type-post","3":"status-publish","4":"format-standard","5":"has-post-thumbnail","7":"category-hamburg","8":"tag-auto","9":"tag-deutschland","10":"tag-diebstahl","11":"tag-germany","12":"tag-haft","13":"tag-hamburg","14":"tag-hh","15":"tag-landgericht","16":"tag-litauen","17":"tag-luxusauto","18":"tag-nds","19":"tag-niedersachsen","20":"tag-schleswig-holstein","21":"tag-sh"},"share_on_mastodon":{"url":"https:\/\/pubeurope.com\/@de\/115539987271349128","error":""},"_links":{"self":[{"href":"https:\/\/www.europesays.com\/de\/wp-json\/wp\/v2\/posts\/571354","targetHints":{"allow":["GET"]}}],"collection":[{"href":"https:\/\/www.europesays.com\/de\/wp-json\/wp\/v2\/posts"}],"about":[{"href":"https:\/\/www.europesays.com\/de\/wp-json\/wp\/v2\/types\/post"}],"author":[{"embeddable":true,"href":"https:\/\/www.europesays.com\/de\/wp-json\/wp\/v2\/users\/2"}],"replies":[{"embeddable":true,"href":"https:\/\/www.europesays.com\/de\/wp-json\/wp\/v2\/comments?post=571354"}],"version-history":[{"count":0,"href":"https:\/\/www.europesays.com\/de\/wp-json\/wp\/v2\/posts\/571354\/revisions"}],"wp:featuredmedia":[{"embeddable":true,"href":"https:\/\/www.europesays.com\/de\/wp-json\/wp\/v2\/media\/571355"}],"wp:attachment":[{"href":"https:\/\/www.europesays.com\/de\/wp-json\/wp\/v2\/media?parent=571354"}],"wp:term":[{"taxonomy":"category","embeddable":true,"href":"https:\/\/www.europesays.com\/de\/wp-json\/wp\/v2\/categories?post=571354"},{"taxonomy":"post_tag","embeddable":true,"href":"https:\/\/www.europesays.com\/de\/wp-json\/wp\/v2\/tags?post=571354"}],"curies":[{"name":"wp","href":"https:\/\/api.w.org\/{rel}","templated":true}]}}