{"id":571363,"date":"2025-11-13T02:21:21","date_gmt":"2025-11-13T02:21:21","guid":{"rendered":"https:\/\/www.europesays.com\/de\/571363\/"},"modified":"2025-11-13T02:21:21","modified_gmt":"2025-11-13T02:21:21","slug":"berlin-einigung-auf-neues-wehrdienstmodell","status":"publish","type":"post","link":"https:\/\/www.europesays.com\/de\/571363\/","title":{"rendered":"Berlin: Einigung auf neues Wehrdienstmodell"},"content":{"rendered":"<p>              12.11.2025 23:25<\/p>\n<p>              (Akt. 12.11.2025 23:25)<\/p>\n<p>      <img decoding=\"async\" src=\"https:\/\/www.europesays.com\/de\/wp-content\/uploads\/2025\/11\/1489573694_BLD_Online-4-3-400533033-533x400.jpg\"   alt=\"Zun\u00e4chst wird auf Freiwilligkeit gesetzt\" title=\"Zun\u00e4chst wird auf Freiwilligkeit gesetzt\"\/><\/p>\n<p>                    Zun\u00e4chst wird auf Freiwilligkeit gesetzt<br \/>\n                     \u00a9APA\/AFP<\/p>\n<p>\n        Union und SPD haben sich nach langem Streit auf ein gemeinsames Modell f\u00fcr den neuen Wehrdienst in Deutschland geeinigt. Dies verlautete am sp\u00e4ten Mittwochabend aus Kreisen der Koalitionsfraktionen in Berlin. Details wurden zun\u00e4chst nicht genannt. Das Modell soll Donnerstagfr\u00fch den Koalitionsabgeordneten in Sondersitzungen der Fraktionen vorgestellt werden. Dann soll auch die \u00d6ffentlichkeit \u00fcber die Details informiert werden.\n      <\/p>\n<p>Die Einigung wurde bei Beratungen von SPD-Verteidigungsminister Boris Pistorius mit Vertreterinnen und Vertretern der Koalitionsfraktionen erzielt. An dem Treffen nahmen die Fraktionschefs von Union und SPD, Jens Spahn von der CDU und Matthias Miersch von der SPD, sowie Verteidigungsexperten aus beiden Fraktionen teil.<\/p>\n<p>Pistorius setzt in seinem urspr\u00fcnglichen Gesetzentwurf zum neuen Wehrdienst zun\u00e4chst auf Freiwilligkeit, um Rekruten f\u00fcr die deutsche Bundeswehr zu gewinnen. Die Union hatte einen Automatismus in Richtung einer Wehrpflicht verlangt, wenn sich nicht gen\u00fcgend Freiwillige melden.<\/p>\n<p>Fachpolitiker von CDU\/CSU und SPD im Deutschen Bundestag hatten deshalb Mitte Oktober einen Kompromissvorschlag ausgearbeitet. Demnach sollte ein Losverfahren bestimmen, wer zur verpflichtenden Musterung muss. Finden sich dabei nicht gen\u00fcgend Freiwillige, sollten gem\u00e4\u00df dem Bedarf der Bundeswehr per weiterem Losverfahren ausgew\u00e4hlte M\u00e4nner zum Wehrdienst verpflichtet werden.<\/p>\n<p>Minister Pistorius hatte dies abgelehnt und eine offizielle Verk\u00fcndung der Vereinbarung durch die Parlamentsvertreter gestoppt. Sein Gesetzesvorhaben sieht vor, dass ab Mitte 2027 gesamte Jahrg\u00e4nge von 18-J\u00e4hrigen gemustert werden sollten. Einen Zwang zum Dienst soll es aber nicht geben.<\/p>\n<p>Seit Wochen verhandelten die Beteiligten nun \u00fcber einen neuen Kompromiss. Pistorius sowie Spitzenvertreter von Union und SPD im Bundestag zeigten sich zuletzt zuversichtlich, dass dies bis Ende der Woche gelingen werde.<\/p>\n","protected":false},"excerpt":{"rendered":"12.11.2025 23:25 (Akt. 12.11.2025 23:25) Zun\u00e4chst wird auf Freiwilligkeit gesetzt \u00a9APA\/AFP Union und SPD haben sich nach langem&hellip;\n","protected":false},"author":2,"featured_media":571364,"comment_status":"","ping_status":"","sticky":false,"template":"","format":"standard","meta":{"footnotes":""},"categories":[1825],"tags":[296,29,30,451,16,4961],"class_list":{"0":"post-571363","1":"post","2":"type-post","3":"status-publish","4":"format-standard","5":"has-post-thumbnail","7":"category-berlin","8":"tag-berlin","9":"tag-deutschland","10":"tag-germany","11":"tag-militaer","12":"tag-politik","13":"tag-verteidigung"},"share_on_mastodon":{"url":"https:\/\/pubeurope.com\/@de\/115540007509615839","error":""},"_links":{"self":[{"href":"https:\/\/www.europesays.com\/de\/wp-json\/wp\/v2\/posts\/571363","targetHints":{"allow":["GET"]}}],"collection":[{"href":"https:\/\/www.europesays.com\/de\/wp-json\/wp\/v2\/posts"}],"about":[{"href":"https:\/\/www.europesays.com\/de\/wp-json\/wp\/v2\/types\/post"}],"author":[{"embeddable":true,"href":"https:\/\/www.europesays.com\/de\/wp-json\/wp\/v2\/users\/2"}],"replies":[{"embeddable":true,"href":"https:\/\/www.europesays.com\/de\/wp-json\/wp\/v2\/comments?post=571363"}],"version-history":[{"count":0,"href":"https:\/\/www.europesays.com\/de\/wp-json\/wp\/v2\/posts\/571363\/revisions"}],"wp:featuredmedia":[{"embeddable":true,"href":"https:\/\/www.europesays.com\/de\/wp-json\/wp\/v2\/media\/571364"}],"wp:attachment":[{"href":"https:\/\/www.europesays.com\/de\/wp-json\/wp\/v2\/media?parent=571363"}],"wp:term":[{"taxonomy":"category","embeddable":true,"href":"https:\/\/www.europesays.com\/de\/wp-json\/wp\/v2\/categories?post=571363"},{"taxonomy":"post_tag","embeddable":true,"href":"https:\/\/www.europesays.com\/de\/wp-json\/wp\/v2\/tags?post=571363"}],"curies":[{"name":"wp","href":"https:\/\/api.w.org\/{rel}","templated":true}]}}