{"id":571443,"date":"2025-11-13T03:07:15","date_gmt":"2025-11-13T03:07:15","guid":{"rendered":"https:\/\/www.europesays.com\/de\/571443\/"},"modified":"2025-11-13T03:07:15","modified_gmt":"2025-11-13T03:07:15","slug":"frankreich-franzoesische-nationalversammlung-stimmt-aussetzung-von-rentenreform-zu","status":"publish","type":"post","link":"https:\/\/www.europesays.com\/de\/571443\/","title":{"rendered":"Frankreich: Franz\u00f6sische Nationalversammlung stimmt Aussetzung von Rentenreform zu"},"content":{"rendered":"<p class=\"paragraph article__item\"><a href=\"https:\/\/www.zeit.de\/thema\/frankreich\" class=\"\" target=\"_blank\" rel=\"noopener\">Frankreichs<\/a>\u00a0Nationalversammlung hat die geplante <a class=\"rtr-entity\" href=\"https:\/\/www.zeit.de\/thema\/rente\" target=\"_blank\" rel=\"noopener\">Rente<\/a> mit 64 vorerst gestoppt. Mit 255 zu 146 Stimmen stimmten die Abgeordneten der Sozialisten, der Gr\u00fcnen und des rechtspopulistischen Rassemblement National (RN) f\u00fcr die Aussetzung der bereits seit 2023 geltenden Reform bis Anfang 2028.\u00a0Das Mitte-Rechts-Regierungslager enthielt sich \u00fcberwiegend. Die<br \/>\nlinkspopulistische Partei La France Insoumise (LFI) stimmte dagegen,<br \/>\nweil ihr das Aussetzen der Rentenpl\u00e4ne nicht weit genug geht. LFI<br \/>\nfordert die Abschaffung der <a href=\"https:\/\/www.zeit.de\/thema\/rente\" class=\"\" target=\"_blank\" rel=\"noopener\">Rentenreform<\/a> und wirft den Sozialisten vor,<br \/>\nihr fr\u00fcheres Wahlb\u00fcndnis verraten und sich der Regierung verkauft zu<br \/>\nhaben.\n<\/p>\n<p class=\"paragraph article__item\">Der Fraktionschef der Pr\u00e4sidentenpartei Renaissance, Gabriel<br \/>\n Attal, sagte, seine Partei habe sich &#8222;nicht leichten Herzens, aber mit<br \/>\nklarem Verstand&#8220; zu der Entscheidung durchgerungen. Er pl\u00e4dierte daf\u00fcr,<br \/>\nauf das Festsetzen eines Rentenalters zu verzichten und nur die<br \/>\nBeitragszeit zu ber\u00fccksichtigen.\u00a0Das Aussetzen der <a class=\"rtr-entity\" href=\"https:\/\/www.zeit.de\/thema\/rentenreform\" target=\"_blank\" rel=\"noopener\">Rentenreform<\/a> ist in den <a href=\"https:\/\/www.zeit.de\/thema\/haushalt\" class=\"\" target=\"_blank\" rel=\"noopener\">Haushalt<\/a> der<br \/>\nSozialversicherung integriert und wird anschlie\u00dfend noch im Senat<br \/>\ndebattiert. Die konservativ gepr\u00e4gte zweite Kammer des Parlaments k\u00f6nnte<br \/>\n den Schritt wieder r\u00fcckg\u00e4ngig machen. In dem Fall wird ein<br \/>\nVermittlungsausschuss eingesetzt.\n<\/p>\n<p>        Wichtigstes politisches Projekt des Pr\u00e4sidenten        <\/p>\n<p class=\"paragraph article__item\">Die Heraufsetzung des Rentenalters von 62 auf 64 Jahre galt als wichtigste Reform von Pr\u00e4sident <a href=\"https:\/\/www.zeit.de\/thema\/emmanuel-macron\" class=\"\" target=\"_blank\" rel=\"noopener\">Emmanuel Macron<\/a>. Premierminister S\u00e9bastien Lecornu hatte den Sozialisten die Aussetzung der Reform angeboten, um eine monatelange Regierungskrise zu beenden. Er ist auf die Stimmen der Sozialisten angewiesen, um den Haushalt 2026 durch das Parlament zu bekommen.\n<\/p>\n<p class=\"paragraph article__item\">Die Regierung geht davon aus, dass das Aussetzen der Reform im kommenden Jahr 300 Millionen Euro und 2027 1,9 Milliarden Euro kosten wird. Die Regierung will dies durch Sparma\u00dfnahmen ausgleichen. Bislang ist aber unklar, wie dies finanziert werden soll.\n<\/p>\n<p class=\"paragraph article__item\"><a class=\"rtr-entity\" href=\"https:\/\/www.zeit.de\/thema\/frankreich\" target=\"_blank\" rel=\"noopener\">Frankreich<\/a> hat derzeit das h\u00f6chste Haushaltsdefizit in der Eurozone, die in absoluten Zahlen h\u00f6chste \u00f6ffentliche Verschuldung und die dritth\u00f6chste Verschuldung der <a href=\"https:\/\/www.zeit.de\/thema\/europaeische-union\" class=\"\" target=\"_blank\" rel=\"noopener\">Eurozone<\/a> im Verh\u00e4ltnis zum Bruttoinlandsprodukt. Zwei Ratingagenturen haben die Kreditw\u00fcrdigkeit Frankreichs wegen der bestehenden politischen Instabilit\u00e4t herabgestuft.\n<\/p>\n<p>            Frankreich        <\/p>\n<p>Mehr zum Thema<\/p>\n<p>                <a href=\"https:\/\/www.zeit.de\/sport\/2025-11\/stade-de-france-terroranschlag-2015-jahrestag\" data-ct-label=\"Anschl\u00e4ge in Paris 2015: Zwei dumpfe Knalle, die ich nie vergessen werde\" target=\"_blank\" rel=\"noopener\"><\/p>\n<p>                        Anschl\u00e4ge in Paris 2015:<br \/>\n                        Zwei dumpfe Knalle, die ich nie vergessen werde<\/p>\n<p>                <\/a><\/p>\n<p>                <a href=\"https:\/\/www.zeit.de\/2025\/48\/terroranschlag-paris-2015-bataclan-konzert-des-vivants-gxe\" data-ct-label=\"Terroranschlag in Paris: Weiterleben, aber wie?\" target=\"_blank\" rel=\"noopener\"><\/p>\n<p>        Z+ (abopflichtiger Inhalt);<\/p>\n<p>    Terroranschlag in Paris:<br \/>\n                        Weiterleben, aber wie?<\/p>\n<p>                <\/a><\/p>\n<p>                <a href=\"https:\/\/www.zeit.de\/kultur\/2025-11\/juwelendiebstahl-paris-sicherheit-louvre-ermittlungen\" data-ct-label=\"Juwelendiebstahl in Paris: Passwort: &quot;Louvre&quot;\" target=\"_blank\" rel=\"noopener\"><\/p>\n<p>                        Juwelendiebstahl in Paris:<br \/>\n                        Passwort: &#8222;Louvre&#8220;<\/p>\n<p>                <\/a><\/p>\n","protected":false},"excerpt":{"rendered":"Frankreichs\u00a0Nationalversammlung hat die geplante Rente mit 64 vorerst gestoppt. Mit 255 zu 146 Stimmen stimmten die Abgeordneten der&hellip;\n","protected":false},"author":2,"featured_media":571444,"comment_status":"","ping_status":"","sticky":false,"template":"","format":"standard","meta":{"footnotes":""},"categories":[5],"tags":[331,332,3364,29,1356,156,30,13,14,132081,15,16,379,22123,12],"class_list":{"0":"post-571443","1":"post","2":"type-post","3":"status-publish","4":"format-standard","5":"has-post-thumbnail","7":"category-nachrichten","8":"tag-aktuelle-nachrichten","9":"tag-aktuelle-news","10":"tag-de","11":"tag-deutschland","12":"tag-emmanuel-macron","13":"tag-frankreich","14":"tag-germany","15":"tag-headlines","16":"tag-nachrichten","17":"tag-nationalversammlung","18":"tag-news","19":"tag-politik","20":"tag-rente","21":"tag-rentenreform","22":"tag-schlagzeilen"},"share_on_mastodon":{"url":"https:\/\/pubeurope.com\/@de\/115540187073496115","error":""},"_links":{"self":[{"href":"https:\/\/www.europesays.com\/de\/wp-json\/wp\/v2\/posts\/571443","targetHints":{"allow":["GET"]}}],"collection":[{"href":"https:\/\/www.europesays.com\/de\/wp-json\/wp\/v2\/posts"}],"about":[{"href":"https:\/\/www.europesays.com\/de\/wp-json\/wp\/v2\/types\/post"}],"author":[{"embeddable":true,"href":"https:\/\/www.europesays.com\/de\/wp-json\/wp\/v2\/users\/2"}],"replies":[{"embeddable":true,"href":"https:\/\/www.europesays.com\/de\/wp-json\/wp\/v2\/comments?post=571443"}],"version-history":[{"count":0,"href":"https:\/\/www.europesays.com\/de\/wp-json\/wp\/v2\/posts\/571443\/revisions"}],"wp:featuredmedia":[{"embeddable":true,"href":"https:\/\/www.europesays.com\/de\/wp-json\/wp\/v2\/media\/571444"}],"wp:attachment":[{"href":"https:\/\/www.europesays.com\/de\/wp-json\/wp\/v2\/media?parent=571443"}],"wp:term":[{"taxonomy":"category","embeddable":true,"href":"https:\/\/www.europesays.com\/de\/wp-json\/wp\/v2\/categories?post=571443"},{"taxonomy":"post_tag","embeddable":true,"href":"https:\/\/www.europesays.com\/de\/wp-json\/wp\/v2\/tags?post=571443"}],"curies":[{"name":"wp","href":"https:\/\/api.w.org\/{rel}","templated":true}]}}