{"id":571474,"date":"2025-11-13T03:25:22","date_gmt":"2025-11-13T03:25:22","guid":{"rendered":"https:\/\/www.europesays.com\/de\/571474\/"},"modified":"2025-11-13T03:25:22","modified_gmt":"2025-11-13T03:25:22","slug":"vazquez-fruehestens-gegen-dortmund-zurueck","status":"publish","type":"post","link":"https:\/\/www.europesays.com\/de\/571474\/","title":{"rendered":"V\u00e1zquez fr\u00fchestens gegen Dortmund zur\u00fcck"},"content":{"rendered":"<p>Lucas V\u00e1zquez steht bei Bayer Leverkusen weiterhin auf der Ausfallliste. Der 34-j\u00e4hrige Rechtsverteidiger plagt sich seit Anfang Oktober mit hartn\u00e4ckigen R\u00fcckenproblemen, die in die Muskulatur ausstrahlen und ein normales Training bislang unm\u00f6glich machten. Wie der kicker berichtet, kommt ein Comeback fr\u00fchestens Ende November in Betracht.<\/p>\n<p>Der fr\u00fchere Profi von Real Madrid absolvierte nach rund f\u00fcnf Wochen Zwangspause nun zumindest wieder erste Einheiten auf dem Platz \u2013 allerdings nur im individuellen Bereich. Ein zeitnaher Einsatz ist nicht in Sicht. Weder f\u00fcr das Bundesliga-Spiel beim VfL Wolfsburg noch f\u00fcr die anschlie\u00dfende Champions-League-Partie bei Manchester City werde der Routinier eine Option sein. Die Belastung wird behutsam gesteigert, um einen erneuten R\u00fcckschlag zu vermeiden.<\/p>\n<p>V\u00e1zquez, der seit seinem Wechsel nach Leverkusen erst f\u00fcnf Pflichtspiele bestritten hat, soll laut dem kicker im Idealfall(!) bei den Duellen mit Borussia Dortmund am 29. November (Bundesliga) und am 2. Dezember (DFB-Pokal-Achtelfinale) eingreifen k\u00f6nnen. Ob dieser Zeitplan tats\u00e4chlich zu halten ist, bleibt jedoch offen.<\/p>\n<p>Bis dahin setzt Leverkusen auf eine vorsichtige Aufbauphase, um den erfahrenen Au\u00dfenverteidiger langfristig wieder in Form zu bringen.<\/p>\n<p><\/p>\n<p>LIGAINSIDER-DURCHSCHNITTSNOTE in den letzten VIER Jahren<\/p>\n","protected":false},"excerpt":{"rendered":"Lucas V\u00e1zquez steht bei Bayer Leverkusen weiterhin auf der Ausfallliste. Der 34-j\u00e4hrige Rechtsverteidiger plagt sich seit Anfang Oktober&hellip;\n","protected":false},"author":2,"featured_media":571475,"comment_status":"","ping_status":"","sticky":false,"template":"","format":"standard","meta":{"footnotes":""},"categories":[1833],"tags":[4808,31078,2367,2217,3364,29,217,347,30,102159,15,1209,5422,55058,265,924,1288,2627,5421],"class_list":{"0":"post-571474","1":"post","2":"type-post","3":"status-publish","4":"format-standard","5":"has-post-thumbnail","7":"category-dortmund","8":"tag-1-bundesliga","9":"tag-2025-26","10":"tag-bayer-04-leverkusen","11":"tag-bilanz","12":"tag-de","13":"tag-deutschland","14":"tag-dortmund","15":"tag-fussball","16":"tag-germany","17":"tag-lucas-vazquez","18":"tag-news","19":"tag-nordrhein-westfalen","20":"tag-quote","21":"tag-rechtsverteidiger","22":"tag-sport","23":"tag-statistik","24":"tag-transfers","25":"tag-verletzungen","26":"tag-wechsel"},"share_on_mastodon":{"url":"https:\/\/pubeurope.com\/@de\/115540257962079657","error":""},"_links":{"self":[{"href":"https:\/\/www.europesays.com\/de\/wp-json\/wp\/v2\/posts\/571474","targetHints":{"allow":["GET"]}}],"collection":[{"href":"https:\/\/www.europesays.com\/de\/wp-json\/wp\/v2\/posts"}],"about":[{"href":"https:\/\/www.europesays.com\/de\/wp-json\/wp\/v2\/types\/post"}],"author":[{"embeddable":true,"href":"https:\/\/www.europesays.com\/de\/wp-json\/wp\/v2\/users\/2"}],"replies":[{"embeddable":true,"href":"https:\/\/www.europesays.com\/de\/wp-json\/wp\/v2\/comments?post=571474"}],"version-history":[{"count":0,"href":"https:\/\/www.europesays.com\/de\/wp-json\/wp\/v2\/posts\/571474\/revisions"}],"wp:featuredmedia":[{"embeddable":true,"href":"https:\/\/www.europesays.com\/de\/wp-json\/wp\/v2\/media\/571475"}],"wp:attachment":[{"href":"https:\/\/www.europesays.com\/de\/wp-json\/wp\/v2\/media?parent=571474"}],"wp:term":[{"taxonomy":"category","embeddable":true,"href":"https:\/\/www.europesays.com\/de\/wp-json\/wp\/v2\/categories?post=571474"},{"taxonomy":"post_tag","embeddable":true,"href":"https:\/\/www.europesays.com\/de\/wp-json\/wp\/v2\/tags?post=571474"}],"curies":[{"name":"wp","href":"https:\/\/api.w.org\/{rel}","templated":true}]}}