{"id":571495,"date":"2025-11-13T03:37:17","date_gmt":"2025-11-13T03:37:17","guid":{"rendered":"https:\/\/www.europesays.com\/de\/571495\/"},"modified":"2025-11-13T03:37:17","modified_gmt":"2025-11-13T03:37:17","slug":"fc-bayern-muenchen-spanischer-topklub-an-harry-kane-interessiert","status":"publish","type":"post","link":"https:\/\/www.europesays.com\/de\/571495\/","title":{"rendered":"FC Bayern M\u00fcnchen: Spanischer Topklub an Harry Kane interessiert"},"content":{"rendered":"<p>+++ 12. November, 18:20 Uhr: FC Barcelona wohl an Harry Kane interessiert +++<\/p>\n<p class=\"css-1cmglxz\">Laut dem britischen &#8222;The Guardian&#8220; ist der <a data-li-document-ref=\"497540\" href=\"https:\/\/www.ran.de\/sports\/fussball\/fc-barcelona\" target=\"_blank\" rel=\"noopener\">FC Barcelona<\/a> auf der Suche nach einem Lewandowski-Nachfolger auf den Namen <a data-li-document-ref=\"462304\" href=\"https:\/\/www.ran.de\/sports\/fussball\/harry-kane\" target=\"_blank\" rel=\"noopener\">Harry Kane<\/a> gesto\u00dfen.<\/p>\n<p class=\"css-1cmglxz\">Der Engl\u00e4nder besitzt beim FC Bayern wohl eine Ausstiegsklausel in H\u00f6he von 57 Millionen Pfund &#8211; und diese sei Barca\u00a0bereit zu zahlen. Der amtierende spanische Meister sieht im 32-j\u00e4hrigen Kane einen perfekten j\u00fcngeren Ersatz zum 37-j\u00e4hrigen Lewandowski, dessen Vertrag im Juni 2026 ausl\u00e4uft und nicht verl\u00e4ngert werden soll.<\/p>\n<p class=\"css-1cmglxz\">F\u00fcr die M\u00fcnchner w\u00e4re ein Abgang von Kane ein herber Verlust. Seit der englische Teamkapit\u00e4n im Sommer 2023 f\u00fcr 100 Millionen Pfund nach Bayern gekommen ist, erzielte er 108 Tore in 113 Spielen.<\/p>\n<p>+++ 12. November, 14:37 Uhr: PSG baggert an Upamecano +++<\/p>\n<p class=\"css-1cmglxz\">Der Flirt wird intensiver! Dayot Upamecano z\u00f6gert, seinen Vertrag beim FC Bayern zu verl\u00e4ngern. Der Franzose wird mit verschiedenen Top-Vereinen in Verbindung gebracht.<\/p>\n<p class=\"css-1cmglxz\">Unter anderem auch in der Heimat. Paris Saint-Germain plant laut &#8222;RMC Sport&#8220; ein konkretes Angebot f\u00fcr ihn. Demnach soll aus &#8222;PSG&#8220; ein &#8222;FC Frankreich&#8220; werden. &#8222;Upa&#8220; w\u00e4re ein weiteres Puzzlest\u00fcck.<\/p>\n<p class=\"css-1cmglxz\">Dessen Agent Moussa Sissoko ist ohnehin eng mit PSG verkn\u00fcpft. Ousmane Dembele ist sein wohl wichtigster Klient.<\/p>\n<p class=\"css-1cmglxz\">&#8222;Paris Saint-Germain ist ein sehr, sehr gro\u00dfer Verein mit einem gro\u00dfartigen Trainer und einigen hervorragenden Spielern. Aber im Moment denke ich nicht dar\u00fcber nach&#8220;, blockt Upamecano bisher noch die Spekulationen in seiner Heimat.<\/p>\n<p class=\"css-1cmglxz\">Bei den Bayern soll der Innenverteidiger 16 Millionen Euro im Jahr verdienen. Der Verein w\u00fcrde das Gehalt erh\u00f6hen. Damit der 27-J\u00e4hrige in die finanziellen Sph\u00e4ren eines Jamal Musiala oder Harry Kane (rund 20 Mio.) aufsteigt. Knackpunkt ist jedoch das Handgeld. PSG scheint bereit, mehr dahingehend zu zahlen, als die M\u00fcnchner. Im Sommer w\u00e4re Upamecano ohnehin vereinslos.<\/p>\n<p class=\"css-1cmglxz\">&#8222;Wir sind in guten Gespr\u00e4chen und wollen unbedingt, dass er bleibt&#8220;, erkl\u00e4rte Sportdirektor Christoph Freund. &#8222;Unser gro\u00dfes Ziel ist, dass Upa lange bei uns bleibt. Er f\u00fchlt sich sehr, sehr wohl. Das sieht man auch, wie er am Platz agiert, welche Energie er verspr\u00fcht.&#8220;<\/p>\n<p class=\"css-1cmglxz\">Nach BILD-Informationen gibt es jedoch bereits Kontakt zu Alternativen wie Marc Guehi von Crystal Palace und auch zu Ibrahima Konate vom FC Liverpool. Wie Upamecano sind beide Premier-League-Verteidiger im Sommer abl\u00f6sefrei.<\/p>\n<p>+++ 10. November, 13:10 Uhr: Kompany \u00fcberrascht Bayern-Stars +++<\/p>\n<p class=\"css-1cmglxz\">F\u00fcr die Nationalspieler steht in den kommenden Tagen wieder einmal eine L\u00e4nderspielreise auf dem Programm. So spielt beispielsweise die<a data-li-document-ref=\"538324\" href=\"https:\/\/www.ran.de\/sports\/fussball\/wm-qualifikation-europa\/news\/dfb-team-moegliches-neuer-comeback-in-der-nationalmannschaft-news-zur-wm-qualifikation-im-ticker-538324\" target=\"_blank\" rel=\"noopener\"> deutsche Nationalmannschaft in der WM-Qualifikation<\/a> um die Teilnahme an der Endrunde 2026.<\/p>\n<p class=\"css-1cmglxz\">Auch beim FC Bayern werden unz\u00e4hlige Spieler f\u00fcr ihre Nationalteams abgestellt. Diejenigen, die nicht f\u00fcr ihr jeweiliges Land nominiert wurden, bekamen von Trainer Vincent Kompany offenbar eine besondere \u00dcberraschung.<\/p>\n<p class=\"css-1cmglxz\">Laut &#8222;TZ&#8220; hat der 39-J\u00e4hrige den Spielern die komplette Woche frei gegeben. Demnach wird das Mannschaftstraining beim Rekordmeister erst in der kommenden Wochen wieder aufgenommen.<\/p>\n<p class=\"css-1cmglxz\">Normalerweise absolvieren die Spieler, die nicht f\u00fcr ein L\u00e4nderspiel nominiert sind, in der L\u00e4nderspiele ganz normal Trainingseinheiten bei ihrem Start. Nach einem Rekordstart mit 16 Siegen aus 16 Spielen wollte Kompany seine Profis wohl belohnen. Da ist auch das 2:2 am vergangenen Spieltag gegen Union Berlin zu verschmerzen.<\/p>\n<p class=\"css-1cmglxz\">Auch interessant: <a data-li-document-ref=\"598542\" href=\"https:\/\/www.ran.de\/sports\/fussball\/bundesliga\/news\/fc-bayern-wie-die-rueckkehr-von-jamal-musiala-und-alphonso-davies-die-mannschaft-von-vincent-kompany-veraendert-598542\" target=\"_blank\" rel=\"noopener\">FC Bayern: Wie die R\u00fcckkehr von Jamal Musiala und Alphonso Davies die Vincent Kompanys Mannschaft ver\u00e4ndert<\/a>\u00a0Und: <a data-li-document-ref=\"598523\" href=\"https:\/\/www.ran.de\/sports\/fussball\/bundesliga\/news\/fc-bayern-muenchen-abgang-von-dayot-upamecano-droht-spieler-gibt-verhandlungs-update-598523\" target=\"_blank\" rel=\"noopener\">FC Bayern M\u00fcnchen: Abgang droht! Upamecano gibt Update zu m\u00f6glichem Transfer<\/a><\/p>\n<p>+++ 7. November, 19:23 Uhr: Bei Leihabbruch in Hamburg &#8211; drei angebliche Peretz-Optionen +++<\/p>\n<p class=\"css-1cmglxz\">Aus der erhofften Spielpraxis f\u00fcr Torh\u00fcter Daniel Peretz w\u00e4hrend seiner Leihe zum Hamburger SV wurde bislang nichts. Der 25-J\u00e4hrige hat im Konkurrenzkampf mit Daniel Heuer Fernandes den K\u00fcrzeren gezogen und fristet daher ein Reservisten-Dasein beim Aufsteiger.<\/p>\n<p class=\"css-1cmglxz\">Laut &#8222;Bild&#8220; k\u00f6nnte die Leihe des israelischen Nationalkeepers nun schon im Januar 2026 vorzeitig beendet werden. Dem Bericht nach gehe die Tendenz im Moment auch klar in diese Richtung. Obwohl Peretz beim FCB noch einen Vertrag bis 2028 hat, w\u00fcrde er aber wohl nicht zum Rekordmeister zur\u00fcckkehren, sondern direkt an einen anderen Klub verliehen werden.<\/p>\n<p class=\"css-1cmglxz\">Verein aus Frankreich, Italien und der zweiten englischen Liga sind dem Bericht nach an einer m\u00f6glichen Peretz-Leihe interessiert.<\/p>\n<p>+++ 7. November, 7:24 Uhr: Journalist entschuldigt sich f\u00fcr Eklat nach Diaz-Foul +++<\/p>\n<p class=\"css-1cmglxz\">Luis Diaz hat mit seinem Foulspiel an Achraf Hakimi eine Welle der Emp\u00f6rung auf sich gezogen &#8211; wobei der eine oder andere ordentlich \u00fcber die Str\u00e4nge schlug.<\/p>\n<p class=\"css-1cmglxz\">So zum Beispiel der\u00a0marokkanische Journalist Said Amdaa, der heftig gegen den Kolumbianer feuerte. Unter anderem bezeichnete er diesen als &#8222;Kriminellen&#8220; und k\u00fcndigte an, ihn bis zu seinem Karriereende unter Druck setzen zu wollen, sollte Hakimi nicht am Afrika Cup teilnehmen k\u00f6nnen.<\/p>\n<p class=\"css-1cmglxz\">Nun hat sich Amdaa f\u00fcr seine heftige Wortwahl entschuldigt und seine Beweggr\u00fcnde f\u00fcr seinen heftigen Kommentar auf &#8222;X&#8220; geschildert.<\/p>\n<p class=\"css-1cmglxz\">&#8222;Ich hatte das Gef\u00fchl, dass Luis D\u00edaz&#8216; Tackling aus Frustration passierte &#8211; es war v\u00f6llig unn\u00f6tig, insbesondere zu diesem Zeitpunkt im Spiel. Es war in der Nachspielzeit der ersten Halbzeit, Bayern f\u00fchrte bereits mit 2:0 und Hakimi war an D\u00edaz vorbeigelaufen. Es war daher eine vermeidbare Verletzung und das ist f\u00fcr mich sehr frustrierend&#8220;, erkl\u00e4rte er.<\/p>\n<p class=\"css-1cmglxz\">Zudem schilderte er, dass seine Aussage zu w\u00f6rtlich genommen worden sei. &#8222;In Frankreich gibt es einen Ausdruck, den wir im Slang verwenden. Da hei\u00dft es etwa, &#8218;es ist kriminell, diese Torchance nicht zu verwandeln\u2019. Ich habe diesen Ausdruck verwendet mit den Worten: &#8218;Luis D\u00edaz ist ein Krimineller, weil er dieses Foul begangen hat.&#8216; Das war nicht b\u00f6se oder gar w\u00f6rtlich gemeint&#8220;, relativierte er seine eigene Aussage.<\/p>\n<p class=\"css-1cmglxz\">&#8222;Ich verstehe, dass einige Bayern-Fans das nicht so interpretiert haben. Wenn sich jemand von ihnen durch meine Worte respektlos behandelt oder beleidigt gef\u00fchlt hat, habe ich kein Problem damit, mich daf\u00fcr zu entschuldigen&#8220;, ging er zudem auf Vers\u00f6hnungskurs.<\/p>\n<p class=\"css-1cmglxz\">Amdaa erkl\u00e4rte zudem, dass seine Drohung ebenfalls nicht als solche zu verstehen sei. &#8222;Als ich sagte, ich w\u00fcrde D\u00edaz f\u00fcr den Rest seiner Karriere unter Druck setzen, war das nat\u00fcrlich ironisch gemeint &#8211; eine Redewendung. Das war meine Art, auszudr\u00fccken, wie traurig ich \u00fcber Hakimis Verletzung war.&#8220; Und stellte klar: &#8222;Nein &#8211; ich werde keinen Druck auf Luis D\u00edaz aus\u00fcben. Ich w\u00fcnsche ihm alles Gute.&#8220;<\/p>\n<p class=\"css-1cmglxz\">Der marokkanische Journalist soll f\u00fcr seine Verbal-Attacke gegen Diaz seinerseits Beleidigungen und Morddrohungen von Bayern-Anh\u00e4ngern erhalten haben.<\/p>\n<p class=\"css-1cmglxz\">Wom\u00f6glich tr\u00e4gt zur Deeskalation bei, dass sich Hakimi durch das Foul &#8222;nur&#8220; eine starke Verstauchung des Kn\u00f6chels zugezogen hat und rund sechs Wochen fehlen wird. Seine Teilnahme am Afrika Cup d\u00fcrfte damit nicht gef\u00e4hrdet sein, wenngleich er die ersten Gruppenspiele m\u00f6glicherweise verpassen wird.<\/p>\n<p>+++ 6. November, 17:46 Uhr: Upamecano k\u00f6nnte doch in M\u00fcnchen bleiben +++<\/p>\n<p class=\"css-1cmglxz\">Verschiedene Medien hatten am Mittwoch berichtet, dass sich\u00a0<a data-li-document-ref=\"579979\" href=\"https:\/\/www.ran.de\/sports\/fussball\/dayot-upamecano\" target=\"_blank\" rel=\"noopener\">Dayot Upamecano<\/a> mit Real Madrid m\u00fcndlich auf einen Wechsel verst\u00e4ndigt habe.<\/p>\n<p class=\"css-1cmglxz\">Die &#8222;Bild&#8220; vermeldet nun, dass dieses Ger\u00fccht nicht stimmen soll und ein abl\u00f6sefreier Wechsel nach Madrid keinesfalls beschlossene Sache ist.<\/p>\n<p class=\"css-1cmglxz\">Der Innenverteidiger k\u00f6nne sich demnach einen Verbleib in M\u00fcnchen gut vorstellen und verhandle aktuell mit dem FC Bayern. Dabei soll es dem Bericht zufolge vor allem um die Handgeldzahlung zum Vertragsabschluss gehen.<\/p>\n<p class=\"css-1cmglxz\">Alphonso Davies kassierte k\u00fcrzlich offenbar eine Pr\u00e4mie von 17 Millionen Euro, der 27-j\u00e4hrige Franzose hofft nun anscheinend auf einen \u00e4hnlichen Zahltag. Der FC Bayern wiederum setzt im Poker offenbar vor allem auf die Karte Vincent Kompany.<\/p>\n<p class=\"css-1cmglxz\">Upamecano w\u00fcrde wohl gerne weiter mit dem Trainer zusammenarbeiten und w\u00fcrde daf\u00fcr anscheinend auch finanzielle Einbu\u00dfen auf sich nehmen. Laut &#8222;Bild&#8220; m\u00f6chten die Bayern die Personalie noch in diesem Jahr kl\u00e4ren, Upamecano und seine Berater sollen aber bereit sein, den Poker bis ins neue Jahr auszudehnen.<\/p>\n<p class=\"css-1cmglxz\">Es bleibt also spannend, wie es mit dem Abwehrspieler weitergeht.<\/p>\n","protected":false},"excerpt":{"rendered":"+++ 12. November, 18:20 Uhr: FC Barcelona wohl an Harry Kane interessiert +++ Laut dem britischen &#8222;The Guardian&#8220;&hellip;\n","protected":false},"author":2,"featured_media":571496,"comment_status":"","ping_status":"","sticky":false,"template":"","format":"standard","meta":{"footnotes":""},"categories":[1827],"tags":[772,29,458,19932,30,22045,11709,11459,1268,15,1086],"class_list":{"0":"post-571495","1":"post","2":"type-post","3":"status-publish","4":"format-standard","5":"has-post-thumbnail","7":"category-muenchen","8":"tag-bayern","9":"tag-deutschland","10":"tag-fc-bayern-muenchen","11":"tag-frei","12":"tag-germany","13":"tag-geruechte","14":"tag-harry-kane","15":"tag-laenderspielpause","16":"tag-muenchen","17":"tag-news","18":"tag-vincent-kompany"},"share_on_mastodon":{"url":"https:\/\/pubeurope.com\/@de\/115540305192936155","error":""},"_links":{"self":[{"href":"https:\/\/www.europesays.com\/de\/wp-json\/wp\/v2\/posts\/571495","targetHints":{"allow":["GET"]}}],"collection":[{"href":"https:\/\/www.europesays.com\/de\/wp-json\/wp\/v2\/posts"}],"about":[{"href":"https:\/\/www.europesays.com\/de\/wp-json\/wp\/v2\/types\/post"}],"author":[{"embeddable":true,"href":"https:\/\/www.europesays.com\/de\/wp-json\/wp\/v2\/users\/2"}],"replies":[{"embeddable":true,"href":"https:\/\/www.europesays.com\/de\/wp-json\/wp\/v2\/comments?post=571495"}],"version-history":[{"count":0,"href":"https:\/\/www.europesays.com\/de\/wp-json\/wp\/v2\/posts\/571495\/revisions"}],"wp:featuredmedia":[{"embeddable":true,"href":"https:\/\/www.europesays.com\/de\/wp-json\/wp\/v2\/media\/571496"}],"wp:attachment":[{"href":"https:\/\/www.europesays.com\/de\/wp-json\/wp\/v2\/media?parent=571495"}],"wp:term":[{"taxonomy":"category","embeddable":true,"href":"https:\/\/www.europesays.com\/de\/wp-json\/wp\/v2\/categories?post=571495"},{"taxonomy":"post_tag","embeddable":true,"href":"https:\/\/www.europesays.com\/de\/wp-json\/wp\/v2\/tags?post=571495"}],"curies":[{"name":"wp","href":"https:\/\/api.w.org\/{rel}","templated":true}]}}