{"id":571512,"date":"2025-11-13T03:47:17","date_gmt":"2025-11-13T03:47:17","guid":{"rendered":"https:\/\/www.europesays.com\/de\/571512\/"},"modified":"2025-11-13T03:47:17","modified_gmt":"2025-11-13T03:47:17","slug":"krebskranker-james-van-der-beek-versteigert-dawsons-creek-andenken","status":"publish","type":"post","link":"https:\/\/www.europesays.com\/de\/571512\/","title":{"rendered":"Krebskranker James Van Der Beek versteigert &#8222;Dawson&#8217;s Creek&#8220;-Andenken"},"content":{"rendered":"<p>Um Behandlungskosten zu decken<\/p>\n<p>Krebskranker James Van Der Beek versteigert &#8222;Dawson&#8217;s Creek&#8220;-Andenken<\/p>\n<p>von spot on news<\/p>\n<p>12.11.2025, 21:36 Uhr<\/p>\n<p>12. November 2025 um 21:36 Uhr<\/p>\n<p>Erschien in Kooperation mit<\/p>\n<p><a href=\"https:\/\/public.spot-on-news.de\/\" target=\"_blank\" rel=\"sponsored nofollow noopener\" data-qa-partner-block-logo-link=\"\"><img decoding=\"async\" data-hk=\"00932120a1410210010\" loading=\"lazy\" src=\"https:\/\/www.europesays.com\/de\/wp-content\/uploads\/2025\/11\/1763005637_373_dc5a1d89-de98-4020-9390-be44e6ef5c3e.a36fcdf3-493b-48ef-b839-58d541b4260c.png\" alt=\"spot on news\" width=\"61\" height=\"40\"\/><\/a><\/p>\n<p>James Van Der Beek, bekannt aus der Serie &#8222;Dawson&#8217;s Creek&#8220;, versteigert pers\u00f6nliche Requisiten und Kost\u00fcme, um die Kosten seiner Krebsbehandlung zu decken. <\/p>\n<p>James Van der Beek braucht Geld f\u00fcr Behandlung<\/p>\n<p>Der 48-j\u00e4hrige Schauspieler hat sich mit dem Auktionshaus Propstore zusammengeschlossen, um Fans eine au\u00dfergew\u00f6hnliche Gelegenheit zu bieten. Vom 5. bis 7. Dezember 2025 k\u00f6nnen Interessierte bei der Winter Entertainment Memorabilia Live Auction erstmals St\u00fccke aus Van Der Beeks Sammlung ersteigern. Laut &#8222;People&#8220; wird der gesamte Erl\u00f6s zur Finanzierung seiner Krebsbehandlung verwendet.<\/p>\n<p>ANZEIGE<\/p>\n<p>Im vergangenen Jahr erhielt der sechsfache Vater die Diagnose Darmkrebs im dritten Stadium, eine Nachricht, die sein Leben grundlegend ver\u00e4nderte. Mit der Auktion m\u00f6chte Van Der Beek nicht nur die finanziellen Herausforderungen bew\u00e4ltigen, sondern auch eine Verbindung zu seinen Fans schaffen.<\/p>\n<p>Legend\u00e4re Halskette und weitere Kultst\u00fccke unter dem Hammer<\/p>\n<p>Besonders f\u00fcr Fans von &#8222;Dawson&#8217;s Creek&#8220; gibt es Highlights: Die Halskette, die Dawson seiner gro\u00dfen Liebe Joey (Katie Holmes) zum Abschlussball schenkte, wird versteigert. Der gesch\u00e4tzte Erl\u00f6s liegt zwischen 26.400 und 52.800 Dollar. Auch Dawsons Outfit aus der Pilotfolge der Serie, die von 1998 bis 2003 ausgestrahlt wurde, steht zum Verkauf \u2013 hier werden bis zu 4.000 Dollar erwartet.<\/p>\n<p>ANZEIGE<\/p>\n<p>Dar\u00fcber hinaus kommen Requisiten aus Van Der Beeks Film &#8222;Varsity Blues&#8220; von 1999 unter den Hammer. Dazu geh\u00f6ren seine Sportschuhe und die West Canaan Coyotes M\u00fctze, die er im Film trug.<\/p>\n<p>&#8222;Jetzt ist der richtige Zeitpunkt&#8220;<\/p>\n<p>&#8222;Ich habe diese Sch\u00e4tze jahrelang aufbewahrt und auf den richtigen Moment gewartet, etwas damit zu tun&#8220;, erkl\u00e4rte der Schauspieler. &#8222;Mit all den unerwarteten Wendungen, die das Leben mir k\u00fcrzlich pr\u00e4sentiert hat, ist klar: Der Zeitpunkt ist jetzt.&#8220; Trotz einer gewissen Wehmut empfinde er Freude dar\u00fcber, die St\u00fccke mit seinen langj\u00e4hrigen Unterst\u00fctzern zu teilen.<\/p>\n<p>ANZEIGE<\/p>\n<p>Interessierte k\u00f6nnen sich bereits registrieren, um an der Auktion teilzunehmen. Die Live-Auktion findet am 6. Dezember in London statt, w\u00e4hrend globales Bieten bis zum 7. Dezember 2025 m\u00f6glich ist. Trotz seiner gesundheitlichen Herausforderungen blickt Van Der Beek optimistisch in die Zukunft: &#8222;Es gibt Grund f\u00fcr Optimismus, und ich f\u00fchle mich gut&#8220;, sagte er dem Magazin. Neben seiner Schauspielkarriere konzentriert er sich auf seine Frau Kimberly und ihre sechs gemeinsamen Kinder.<\/p>\n<p>Das Original zu diesem Beitrag &#8222;Krebskranker James Van Der Beek versteigert &#8222;Dawson&#8217;s Creek&#8220;-Andenken&#8220; stammt von spot on news.<\/p>\n","protected":false},"excerpt":{"rendered":"Um Behandlungskosten zu decken Krebskranker James Van Der Beek versteigert &#8222;Dawson&#8217;s Creek&#8220;-Andenken von spot on news 12.11.2025, 21:36&hellip;\n","protected":false},"author":2,"featured_media":571513,"comment_status":"","ping_status":"","sticky":false,"template":"","format":"standard","meta":{"footnotes":""},"categories":[1776],"tags":[1801,29,214,30,1802,215],"class_list":{"0":"post-571512","1":"post","2":"type-post","3":"status-publish","4":"format-standard","5":"has-post-thumbnail","7":"category-prominente","8":"tag-celebrities","9":"tag-deutschland","10":"tag-entertainment","11":"tag-germany","12":"tag-prominente","13":"tag-unterhaltung"},"share_on_mastodon":{"url":"https:\/\/pubeurope.com\/@de\/115540345057599929","error":""},"_links":{"self":[{"href":"https:\/\/www.europesays.com\/de\/wp-json\/wp\/v2\/posts\/571512","targetHints":{"allow":["GET"]}}],"collection":[{"href":"https:\/\/www.europesays.com\/de\/wp-json\/wp\/v2\/posts"}],"about":[{"href":"https:\/\/www.europesays.com\/de\/wp-json\/wp\/v2\/types\/post"}],"author":[{"embeddable":true,"href":"https:\/\/www.europesays.com\/de\/wp-json\/wp\/v2\/users\/2"}],"replies":[{"embeddable":true,"href":"https:\/\/www.europesays.com\/de\/wp-json\/wp\/v2\/comments?post=571512"}],"version-history":[{"count":0,"href":"https:\/\/www.europesays.com\/de\/wp-json\/wp\/v2\/posts\/571512\/revisions"}],"wp:featuredmedia":[{"embeddable":true,"href":"https:\/\/www.europesays.com\/de\/wp-json\/wp\/v2\/media\/571513"}],"wp:attachment":[{"href":"https:\/\/www.europesays.com\/de\/wp-json\/wp\/v2\/media?parent=571512"}],"wp:term":[{"taxonomy":"category","embeddable":true,"href":"https:\/\/www.europesays.com\/de\/wp-json\/wp\/v2\/categories?post=571512"},{"taxonomy":"post_tag","embeddable":true,"href":"https:\/\/www.europesays.com\/de\/wp-json\/wp\/v2\/tags?post=571512"}],"curies":[{"name":"wp","href":"https:\/\/api.w.org\/{rel}","templated":true}]}}