{"id":571521,"date":"2025-11-13T03:55:16","date_gmt":"2025-11-13T03:55:16","guid":{"rendered":"https:\/\/www.europesays.com\/de\/571521\/"},"modified":"2025-11-13T03:55:16","modified_gmt":"2025-11-13T03:55:16","slug":"wenn-adipositas-und-fettleber-auf-auge-und-lunge-schlagen","status":"publish","type":"post","link":"https:\/\/www.europesays.com\/de\/571521\/","title":{"rendered":"Wenn Adipositas und Fettleber auf Auge und Lunge schlagen"},"content":{"rendered":"<p>    &#13;<br \/>\n      &#13;<br \/>\n        Komplikationen beachten&#13;<\/p>\n<p class=\"intro\">Unter GLP-1-Rezeptoragonisten treten vereinzelt Komplikationen am Auge auf. Bisher gibt es keinen eindeutigen kausalen Zusammenhang. Sicher ist aber, dass metabolisch-adip\u00f6se Patienten ein erh\u00f6htes Risiko f\u00fcr retinale Erkrankungen haben. Bei Menschen mit Typ-2-Diabetes wiederum korrelieren metabolische Marker mit der Lungenfunktion.<\/p>\n","protected":false},"excerpt":{"rendered":"&#13; &#13; Komplikationen beachten&#13; Unter GLP-1-Rezeptoragonisten treten vereinzelt Komplikationen am Auge auf. Bisher gibt es keinen eindeutigen kausalen&hellip;\n","protected":false},"author":2,"featured_media":571522,"comment_status":"","ping_status":"","sticky":false,"template":"","format":"standard","meta":{"footnotes":""},"categories":[137],"tags":[1187,29,30,141,232,288,4205],"class_list":{"0":"post-571521","1":"post","2":"type-post","3":"status-publish","4":"format-standard","5":"has-post-thumbnail","7":"category-gesundheit","8":"tag-arzt","9":"tag-deutschland","10":"tag-germany","11":"tag-gesundheit","12":"tag-health","13":"tag-krankheit","14":"tag-therapie"},"share_on_mastodon":{"url":"https:\/\/pubeurope.com\/@de\/115540376039454236","error":""},"_links":{"self":[{"href":"https:\/\/www.europesays.com\/de\/wp-json\/wp\/v2\/posts\/571521","targetHints":{"allow":["GET"]}}],"collection":[{"href":"https:\/\/www.europesays.com\/de\/wp-json\/wp\/v2\/posts"}],"about":[{"href":"https:\/\/www.europesays.com\/de\/wp-json\/wp\/v2\/types\/post"}],"author":[{"embeddable":true,"href":"https:\/\/www.europesays.com\/de\/wp-json\/wp\/v2\/users\/2"}],"replies":[{"embeddable":true,"href":"https:\/\/www.europesays.com\/de\/wp-json\/wp\/v2\/comments?post=571521"}],"version-history":[{"count":0,"href":"https:\/\/www.europesays.com\/de\/wp-json\/wp\/v2\/posts\/571521\/revisions"}],"wp:featuredmedia":[{"embeddable":true,"href":"https:\/\/www.europesays.com\/de\/wp-json\/wp\/v2\/media\/571522"}],"wp:attachment":[{"href":"https:\/\/www.europesays.com\/de\/wp-json\/wp\/v2\/media?parent=571521"}],"wp:term":[{"taxonomy":"category","embeddable":true,"href":"https:\/\/www.europesays.com\/de\/wp-json\/wp\/v2\/categories?post=571521"},{"taxonomy":"post_tag","embeddable":true,"href":"https:\/\/www.europesays.com\/de\/wp-json\/wp\/v2\/tags?post=571521"}],"curies":[{"name":"wp","href":"https:\/\/api.w.org\/{rel}","templated":true}]}}