{"id":571525,"date":"2025-11-13T03:58:16","date_gmt":"2025-11-13T03:58:16","guid":{"rendered":"https:\/\/www.europesays.com\/de\/571525\/"},"modified":"2025-11-13T03:58:16","modified_gmt":"2025-11-13T03:58:16","slug":"philipp-tuermer-friedrich-merz-sollte-ein-bisschen-mehr-haftbefehl-hoeren-empfiehlt-der-juso-chef","status":"publish","type":"post","link":"https:\/\/www.europesays.com\/de\/571525\/","title":{"rendered":"Philipp T\u00fcrmer: \u201eFriedrich Merz sollte ein bisschen mehr Haftbefehl h\u00f6ren\u201c, empfiehlt der Juso-Chef"},"content":{"rendered":"<p class=\"is-first-paragraph\" data-external=\"Article.FirstParagraph\">JJuso-Chef <a class=\"is-link c-block-items__link c-link--rich-text-renderer\" href=\"https:\/\/www.welt.de\/politik\/deutschland\/article256336578\/juso-chef-tuermer-auftrag-des-buergergelds-nachkommen-da-muessen-wir-eher-geld-in-die-hand-nehmen.html\" data-internal-tracking-enabled=\"true\" data-internal-tracking=\"{&quot;action&quot;:&quot;click&quot;,&quot;label&quot;:&quot;link&quot;,&quot;name&quot;:&quot;Inline Element&quot;,&quot;data&quot;:{&quot;source&quot;:&quot;&quot;,&quot;target&quot;:&quot;https:\/\/www.welt.de\/politik\/deutschland\/article256336578\/juso-chef-tuermer-auftrag-des-buergergelds-nachkommen-da-muessen-wir-eher-geld-in-die-hand-nehmen.html&quot;,&quot;trackingName&quot;:&quot;&quot;,&quot;trackingLabel&quot;:&quot;&quot;}}\" target=\"_blank\" rel=\"noopener\">Philipp T\u00fcrmer<\/a> h\u00e4lt die Musik des Rappers Haftbefehl auch f\u00fcr lehrreich f\u00fcr den Bundeskanzler. \u201eIch finde, auch Friedrich Merz sollte ein bisschen mehr Haftbefehl h\u00f6ren\u201c, sagte T\u00fcrmer dem \u201eFocus\u201c. Die Texte k\u00f6nnten nicht nur Sch\u00fclerinnen und Sch\u00fclern dabei helfen, mehr Verst\u00e4ndnis f\u00fcr \u201edie Lebensrealit\u00e4ten in diesem Land\u201c zu entwickeln. \u201eDa k\u00f6nnen auch Politiker was lernen\u201c, sagte er.<\/p>\n<p>Der Stadtsch\u00fcler:innenrat Offenbach, die Interessensvertretung der Sch\u00fcler in der Stadt, hatte nach dem Erscheinen der <a class=\"is-link c-block-items__link c-link--rich-text-renderer\" href=\"https:\/\/www.welt.de\/kultur\/article68f9f98059e2e097507091c4\/haftbefehl-doku-auf-netflix-das-koks-ist-sein-endgegner.html\" data-internal-tracking-enabled=\"true\" data-internal-tracking=\"{&quot;action&quot;:&quot;click&quot;,&quot;label&quot;:&quot;link&quot;,&quot;name&quot;:&quot;Inline Element&quot;,&quot;data&quot;:{&quot;source&quot;:&quot;&quot;,&quot;target&quot;:&quot;https:\/\/www.welt.de\/kultur\/article68f9f98059e2e097507091c4\/haftbefehl-doku-auf-netflix-das-koks-ist-sein-endgegner.html&quot;,&quot;trackingName&quot;:&quot;&quot;,&quot;trackingLabel&quot;:&quot;&quot;}}\" target=\"_blank\" rel=\"noopener\">Netflix-Doku \u201eBabo \u2013 Die Haftbefehl-Story\u201c<\/a> \u00fcber den Offenbacher Rapper gefordert, dessen Musik und Leben im Unterricht zu thematisieren. Beim hessischen Kultusministerium stie\u00df der Vorsto\u00df auf Ablehnung.<\/p>\n<p>Der Juso-Vorsitzende betonte, das Besondere an Haftbefehl sei: \u201eDie Texte sind echt. Es gibt so viele Jugendliche, die unter genau diesen schwierigen Verh\u00e4ltnissen aufwachsen.\u201c Gepr\u00e4gt von Gewalt, Kriminalit\u00e4t und von einer Gesellschaft, die sich nicht k\u00fcmmere, \u201eweil irgendwelche CDUler bei Deutschland nur an Bad Homburg und nicht an Offenbach denken\u201c.<\/p>\n","protected":false},"excerpt":{"rendered":"JJuso-Chef Philipp T\u00fcrmer h\u00e4lt die Musik des Rappers Haftbefehl auch f\u00fcr lehrreich f\u00fcr den Bundeskanzler. \u201eIch finde, auch&hellip;\n","protected":false},"author":2,"featured_media":571526,"comment_status":"","ping_status":"","sticky":false,"template":"","format":"standard","meta":{"footnotes":""},"categories":[155],"tags":[15323,29,214,183,30,503,2052,93159,182,810,110,56740,133717,1306,100457,215],"class_list":{"0":"post-571525","1":"post","2":"type-post","3":"status-publish","4":"format-standard","5":"has-post-thumbnail","7":"category-unterhaltung","8":"tag-balken-inbox","9":"tag-deutschland","10":"tag-entertainment","11":"tag-friedrich-cdu","12":"tag-germany","13":"tag-haftbefehl","14":"tag-hessen","15":"tag-jungsozialisten-jusos-ks","16":"tag-merz","17":"tag-musik","18":"tag-newsteam","19":"tag-philipp","20":"tag-rap-ks","21":"tag-rapper","22":"tag-tuermer","23":"tag-unterhaltung"},"share_on_mastodon":{"url":"","error":""},"_links":{"self":[{"href":"https:\/\/www.europesays.com\/de\/wp-json\/wp\/v2\/posts\/571525","targetHints":{"allow":["GET"]}}],"collection":[{"href":"https:\/\/www.europesays.com\/de\/wp-json\/wp\/v2\/posts"}],"about":[{"href":"https:\/\/www.europesays.com\/de\/wp-json\/wp\/v2\/types\/post"}],"author":[{"embeddable":true,"href":"https:\/\/www.europesays.com\/de\/wp-json\/wp\/v2\/users\/2"}],"replies":[{"embeddable":true,"href":"https:\/\/www.europesays.com\/de\/wp-json\/wp\/v2\/comments?post=571525"}],"version-history":[{"count":0,"href":"https:\/\/www.europesays.com\/de\/wp-json\/wp\/v2\/posts\/571525\/revisions"}],"wp:featuredmedia":[{"embeddable":true,"href":"https:\/\/www.europesays.com\/de\/wp-json\/wp\/v2\/media\/571526"}],"wp:attachment":[{"href":"https:\/\/www.europesays.com\/de\/wp-json\/wp\/v2\/media?parent=571525"}],"wp:term":[{"taxonomy":"category","embeddable":true,"href":"https:\/\/www.europesays.com\/de\/wp-json\/wp\/v2\/categories?post=571525"},{"taxonomy":"post_tag","embeddable":true,"href":"https:\/\/www.europesays.com\/de\/wp-json\/wp\/v2\/tags?post=571525"}],"curies":[{"name":"wp","href":"https:\/\/api.w.org\/{rel}","templated":true}]}}