{"id":571720,"date":"2025-11-13T06:00:24","date_gmt":"2025-11-13T06:00:24","guid":{"rendered":"https:\/\/www.europesays.com\/de\/571720\/"},"modified":"2025-11-13T06:00:24","modified_gmt":"2025-11-13T06:00:24","slug":"die-eu-bestimmt-nicht-was-voelkerrecht-ist","status":"publish","type":"post","link":"https:\/\/www.europesays.com\/de\/571720\/","title":{"rendered":"\u00a0\u201eDie EU bestimmt nicht, was V\u00f6lkerrecht ist\u201c"},"content":{"rendered":"<p class=\"tspBPll tspBPlm\">Die USA haben bei einem G7-Treffen in Kanada ihre umstrittenen Milit\u00e4rschl\u00e4ge in der Karibik gegen Kritik von europ\u00e4ischen Partnern verteidigt. <a href=\"https:\/\/www.tagesspiegel.de\/internationales\/nachfolge-von-trump-us-aussenminister-rubio-will-offenbar-vance-als-prasidentschaftskandidaten-2028-14786963.html?icid=in-text-link_14824346\" class=\"link link--internal\" data-gtm-class=\"article-text-link\" data-gtm-val=\"internal\" target=\"_blank\" rel=\"noopener\">US-Au\u00dfenminister Marco Rubio<\/a> wies die Einw\u00e4nde am Mittwoch scharf zur\u00fcck. \u201eDie Europ\u00e4ische Union bestimmt nicht, was internationales Recht ist\u201c, sagte Rubio. \u201eSie bestimmt schon gar nicht, wie die USA ihre nationale Sicherheit verteidigen.\u201c<\/p>\n<p class=\"tspBPll\">Zuvor hatte der franz\u00f6sische Au\u00dfenminister Jean-Noel Barrot die Angriffe als Verletzung des V\u00f6lkerrechts bezeichnet. Auch die<a href=\"https:\/\/www.tagesspiegel.de\/internationales\/brussel-verteilt-die-spitzenposten-wenige-frauen-und-eine-uberraschung-aus-ungarn-12321767.html?icid=in-text-link_14824346\" class=\"link link--internal\" data-gtm-class=\"article-text-link\" data-gtm-val=\"internal\" target=\"_blank\" rel=\"noopener\"> EU-Au\u00dfenbeauftragte Kaja Kallas<\/a> erkl\u00e4rte, solche Schl\u00e4ge seien nur zur Selbstverteidigung oder durch eine Resolution des UN-Sicherheitsrates zu rechtfertigen. Das US-Milit\u00e4r hat nach eigenen Angaben bislang mindestens 19 Angriffe auf mutma\u00dfliche Drogenschiffe ausgef\u00fchrt, wobei mindestens 76 Menschen get\u00f6tet wurden. Die US-Regierung beruft sich auf das Recht zur Selbstverteidigung. <a href=\"https:\/\/www.tagesspiegel.de\/internationales\/die-us-regierung-hat-einen-mord-begangen-wen-lasst-trump-in-der-karibik-abschiessen-14610086.html?icid=in-text-link_14824346\" class=\"link link--internal\" data-gtm-class=\"article-text-link\" data-gtm-val=\"internal\" target=\"_blank\" rel=\"noopener\">Unabh\u00e4ngige UN-Experten bezeichneten das Vorgehen hingegen als m\u00f6gliche Verletzung des Seerechts und sprachen von au\u00dfergerichtlichen Hinrichtungen. <\/a><\/p>\n<p class=\"tspVe3\">Empfohlener redaktioneller Inhalt<\/p>\n<p> An dieser Stelle finden Sie einen von unseren Redakteuren ausgew\u00e4hlten, externen Inhalt, der den Artikel f\u00fcr Sie mit zus\u00e4tzlichen Informationen anreichert. Sie k\u00f6nnen sich hier den externen Inhalt mit einem Klick anzeigen lassen oder wieder ausblenden. <\/p>\n<p> Externen Inhalt anzeigen <\/p>\n<p class=\"tspVe9\"> Ich bin damit einverstanden, dass mir der externe Inhalt angezeigt wird. Damit k\u00f6nnen personenbezogene Daten an Drittplattformen \u00fcbermittelt werden.  Mehr Informationen dazu erhalten Sie in den Datenschutz-Einstellungen. Diese finden Sie ganz unten auf unserer Seite im Footer, sodass Sie Ihre Einstellungen jederzeit verwalten oder widerrufen k\u00f6nnen. <\/p>\n<p class=\"tspBPll\">Als Reaktion auf die Angriffe ordnete <a href=\"https:\/\/www.tagesspiegel.de\/internationales\/vor-venezuela-angegriffenes-schiff-war-offenbar-kolumbianisch-kolumbien-wirft-usa-aggression-gegen-ganz-lateinamerika-und-die-karibik-vor-14512025.html?icid=in-text-link_14824346\" class=\"link link--internal\" data-gtm-class=\"article-text-link\" data-gtm-val=\"internal\" target=\"_blank\" rel=\"noopener\">der kolumbianische Pr\u00e4sident Gustavo Petro<\/a> an, die Zusammenarbeit der Sicherheitskr\u00e4fte seines Landes mit US-Geheimdiensten auszusetzen. Rubio verteidigte die Schl\u00e4ge gegen sogenannte Narco-Terroristen und wies einen CNN-Bericht zur\u00fcck, wonach auch Gro\u00dfbritannien die Weitergabe von Geheimdienstinformationen gestoppt habe.<\/p>\n<p> Mehr \u00fcber die US-Angriffe in der Karibik <a href=\"https:\/\/www.tagesspiegel.de\/internationales\/rubio-wollte-schon-immer-den-regimewechsel-plant-er-fur-trump-umsturze-in-lateinamerika-14781707.html?icid=topic-list_14824346___\" data-gtm-class=\"article-mzt-link\" class=\"tspCFn4\" target=\"_blank\" rel=\"noopener\">\u201eRubio wollte schon immer den Regimewechsel\u201c Plant er f\u00fcr Trump Umst\u00fcrze in Lateinamerika? <\/a><a href=\"https:\/\/www.tagesspiegel.de\/internationales\/venezolanischer-politiker-zu-bootsangriffen-fuhrt-die-usa-krieg-gegen-ihr-land-herr-gonzalez-14662088.html?icid=topic-list_14824346___\" data-gtm-class=\"article-mzt-link\" class=\"tspCFn4\" target=\"_blank\" rel=\"noopener\">Venezolanischer Politiker zu Bootsangriffen Wollen die USA einen Krieg mit Ihrem Land, Herr Gonz\u00e1lez? <\/a><a href=\"https:\/\/www.tagesspiegel.de\/internationales\/die-us-regierung-hat-einen-mord-begangen-wen-lasst-trump-in-der-karibik-abschiessen-14610086.html?icid=topic-list_14824346___\" data-gtm-class=\"article-mzt-link\" class=\"tspCFn4\" target=\"_blank\" rel=\"noopener\">\u201eDie US-Regierung hat einen Mord begangen\u201c Wen l\u00e4sst Trump in der Karibik abschie\u00dfen? <\/a><\/p>\n<p class=\"tspBPll\">Das Treffen der Au\u00dfenminister der sieben f\u00fchrenden westlichen Industrienationen (G7) befasste sich eigentlich haupts\u00e4chlich mit den Kriegen in der Ukraine und im Gazastreifen. Der ukrainische Au\u00dfenminister Andrij Sybiha warb bei seinen Kollegen um Raketen mit gr\u00f6\u00dferer Reichweite und um Unterst\u00fctzung f\u00fcr den Energiesektor seines Landes. In ihrer Abschlusserkl\u00e4rung bekr\u00e4ftigten die Minister, die wirtschaftlichen Kosten f\u00fcr Russland erh\u00f6hen zu wollen. Die umstrittenen US-Milit\u00e4rschl\u00e4ge wurden in dem Papier jedoch nicht erw\u00e4hnt. (Reuters)<\/p>\n","protected":false},"excerpt":{"rendered":"Die USA haben bei einem G7-Treffen in Kanada ihre umstrittenen Milit\u00e4rschl\u00e4ge in der Karibik gegen Kritik von europ\u00e4ischen&hellip;\n","protected":false},"author":2,"featured_media":571721,"comment_status":"","ping_status":"","sticky":false,"template":"","format":"standard","meta":{"footnotes":""},"categories":[5],"tags":[46139,331,332,3364,29,88475,30,13,53,1435,14,15,12,64],"class_list":{"0":"post-571720","1":"post","2":"type-post","3":"status-publish","4":"format-standard","5":"has-post-thumbnail","7":"category-nachrichten","8":"tag-g8","9":"tag-aktuelle-nachrichten","10":"tag-aktuelle-news","11":"tag-de","12":"tag-deutschland","13":"tag-die-eu","14":"tag-germany","15":"tag-headlines","16":"tag-kanada","17":"tag-krieg-in-der-ukraine","18":"tag-nachrichten","19":"tag-news","20":"tag-schlagzeilen","21":"tag-usa"},"share_on_mastodon":{"url":"https:\/\/pubeurope.com\/@de\/115540867350712673","error":""},"_links":{"self":[{"href":"https:\/\/www.europesays.com\/de\/wp-json\/wp\/v2\/posts\/571720","targetHints":{"allow":["GET"]}}],"collection":[{"href":"https:\/\/www.europesays.com\/de\/wp-json\/wp\/v2\/posts"}],"about":[{"href":"https:\/\/www.europesays.com\/de\/wp-json\/wp\/v2\/types\/post"}],"author":[{"embeddable":true,"href":"https:\/\/www.europesays.com\/de\/wp-json\/wp\/v2\/users\/2"}],"replies":[{"embeddable":true,"href":"https:\/\/www.europesays.com\/de\/wp-json\/wp\/v2\/comments?post=571720"}],"version-history":[{"count":0,"href":"https:\/\/www.europesays.com\/de\/wp-json\/wp\/v2\/posts\/571720\/revisions"}],"wp:featuredmedia":[{"embeddable":true,"href":"https:\/\/www.europesays.com\/de\/wp-json\/wp\/v2\/media\/571721"}],"wp:attachment":[{"href":"https:\/\/www.europesays.com\/de\/wp-json\/wp\/v2\/media?parent=571720"}],"wp:term":[{"taxonomy":"category","embeddable":true,"href":"https:\/\/www.europesays.com\/de\/wp-json\/wp\/v2\/categories?post=571720"},{"taxonomy":"post_tag","embeddable":true,"href":"https:\/\/www.europesays.com\/de\/wp-json\/wp\/v2\/tags?post=571720"}],"curies":[{"name":"wp","href":"https:\/\/api.w.org\/{rel}","templated":true}]}}