{"id":571811,"date":"2025-11-13T06:55:14","date_gmt":"2025-11-13T06:55:14","guid":{"rendered":"https:\/\/www.europesays.com\/de\/571811\/"},"modified":"2025-11-13T06:55:14","modified_gmt":"2025-11-13T06:55:14","slug":"empfindlicher-schlag-fuer-putins-kriegskasse","status":"publish","type":"post","link":"https:\/\/www.europesays.com\/de\/571811\/","title":{"rendered":"Empfindlicher Schlag f\u00fcr Putins Kriegskasse"},"content":{"rendered":"<p class=\"text-18 leading-17\">Am 10. November meldete die Nachrichtenagentur dann, erneut unter Berufung auf namentlich nicht genannte Quellen, der Irak habe aufgrund der Sanktionen alle Bar- und Roh\u00f6lzahlungen an Lukoil eingestellt. Etwa 4 Millionen Barrel Roh\u00f6l sollen vorgesehen gewesen und nun storniert worden sein.<\/p>\n<p class=\"text-18 leading-17\">Die Zahlungen an Lukoil sollen eingefroren bleiben, bis eine vertragliche Anpassung erfolgt sei, die einen Mechanismus f\u00fcr die Erschlie\u00dfung des \u00d6lfeldes und eine M\u00f6glichkeit zur Zahlung an nicht sanktionierte Unternehmen sicherstellt. Das teilte ein Beamter des \u00d6lministeriums mit.<\/p>\n<p class=\"text-18 leading-17\">Betroffen ist die Neftochim-Raffinerie in Burgas, an der Lukoil 99,85 Prozent der Anteile h\u00e4lt. Sie ist die gr\u00f6\u00dfte Raffinerie auf dem gesamten Balkan und zugleich Bulgariens gr\u00f6\u00dftes Unternehmen. Indem <a class=\"transition-colors duration-200 cursor-pointer text-inherit no-underline text-salemsfur md:hover:text-magenta md:hover:border-magenta md:focus:text-magenta border-current border-b border-solid break-words\" href=\"https:\/\/www.t-online.de\/themen\/bulgarien\/\" data-sctrack=\"BodyAnchor\" target=\"_blank\" rel=\"noopener\">Bulgarien<\/a> nun die Kontrolle \u00fcber die Raffinerie \u00fcbernimmt, will die Regierung des Landes verhindern, dass die Raffinerie ihren Betrieb einstellt. Immerhin hat die dazugeh\u00f6rige Vertriebseinheit mit einem Netzwerk aus \u00d6ldepots, Tankstellen sowie Unternehmen, die Schiffe und Flugzeuge beliefern, auf dem bulgarischen Markt eine Quasi-Monopolstellung.<\/p>\n<p class=\"text-18 leading-17\">Nicht nur in Bulgarien besitzt das Unternehmen eine Raffinerie, sondern auch in <a class=\"transition-colors duration-200 cursor-pointer text-inherit no-underline text-salemsfur md:hover:text-magenta md:hover:border-magenta md:focus:text-magenta border-current border-b border-solid break-words\" href=\"https:\/\/www.t-online.de\/themen\/rumaenien\/\" data-sctrack=\"BodyAnchor\" target=\"_blank\" rel=\"noopener\">Rum\u00e4nien<\/a>. Nach Ansicht von Energieminister Bogdan Ivan muss das Land auch hier die Kontrolle \u00fcber die rum\u00e4nische Lukoil-Tochtergesellschaft \u00fcbernehmen. Was der Staat genau \u00fcbernehmen soll und auf welche Weise, erl\u00e4uterte der Minister bislang nicht. Lukoil betreibt in Rum\u00e4nien 320 Tankstellen sowie die drittgr\u00f6\u00dfte Raffinerie des Landes und ist an der Suche nach Gasvorkommen vor der rum\u00e4nischen K\u00fcste im <a class=\"transition-colors duration-200 cursor-pointer text-inherit no-underline text-salemsfur md:hover:text-magenta md:hover:border-magenta md:focus:text-magenta border-current border-b border-solid break-words\" href=\"https:\/\/www.t-online.de\/themen\/schwarzes-meer\/\" data-sctrack=\"BodyAnchor\" target=\"_blank\" rel=\"noopener\">Schwarzen Meer<\/a> beteiligt.<\/p>\n<p class=\"text-18 leading-17\">Ohnehin versucht Lukoil seit der Verh\u00e4ngung der Sanktionen, sein Auslandsgesch\u00e4ft zu verkaufen. Es umfasst Hunderte Tankstellen in etwa 20 L\u00e4ndern und mehrere Raffinerien. Die Frist f\u00fcr eine Trennung von den Auslandsaktiva l\u00e4uft bis zum 21. November.<\/p>\n<p class=\"text-18 leading-17\">Ein Verkauf an den Schweizer Energieh\u00e4ndler Gunvor war wegen Widerspruchs aus den <a class=\"transition-colors duration-200 cursor-pointer text-inherit no-underline text-salemsfur md:hover:text-magenta md:hover:border-magenta md:focus:text-magenta border-current border-b border-solid break-words\" href=\"https:\/\/www.t-online.de\/themen\/usa\/\" data-sctrack=\"BodyAnchor\" target=\"_blank\" rel=\"noopener\">USA<\/a> j\u00fcngst gescheitert. Das Schweizer Unternehmen hatte sein Angebot zur\u00fcckgezogen, nachdem das US-Finanzministerium Gunvor als &#8222;Marionette des Kremls&#8220; bezeichnet und Widerstand gegen das Gesch\u00e4ft signalisiert hatte. Solange der russische Pr\u00e4sident Wladimir Putin das &#8222;sinnlose Morden&#8220; fortsetze, werde Gunvor niemals eine Lizenz erhalten, erkl\u00e4rte das Ministerium auf der Plattform X.<\/p>\n","protected":false},"excerpt":{"rendered":"Am 10. November meldete die Nachrichtenagentur dann, erneut unter Berufung auf namentlich nicht genannte Quellen, der Irak habe&hellip;\n","protected":false},"author":2,"featured_media":571812,"comment_status":"","ping_status":"","sticky":false,"template":"","format":"standard","meta":{"footnotes":""},"categories":[5],"tags":[326,15513,137714,28206,39263,7373,1213,137713,13,1016,5020,669,77338,14,15,137715,54836,3186,1125,97217,12024,307,9562,12,10,8,9,11,317,306],"class_list":{"0":"post-571811","1":"post","2":"type-post","3":"status-publish","4":"format-standard","5":"has-post-thumbnail","7":"category-nachrichten","8":"tag-326","9":"tag-balkan","10":"tag-basra","11":"tag-bulgarien","12":"tag-burgas","13":"tag-cnn","14":"tag-gas","15":"tag-geldhahn","16":"tag-headlines","17":"tag-irak","18":"tag-kreml","19":"tag-krise","20":"tag-lukoil","21":"tag-nachrichten","22":"tag-news","23":"tag-oelfeld","24":"tag-oelkonzern","25":"tag-reuters","26":"tag-rohoel","27":"tag-rosneft","28":"tag-rumaenien","29":"tag-russland","30":"tag-sanktion","31":"tag-schlagzeilen","32":"tag-top-news","33":"tag-top-meldungen","34":"tag-topmeldungen","35":"tag-topnews","36":"tag-ukraine","37":"tag-wladimir-putin"},"share_on_mastodon":{"url":"https:\/\/pubeurope.com\/@de\/115541083714562645","error":""},"_links":{"self":[{"href":"https:\/\/www.europesays.com\/de\/wp-json\/wp\/v2\/posts\/571811","targetHints":{"allow":["GET"]}}],"collection":[{"href":"https:\/\/www.europesays.com\/de\/wp-json\/wp\/v2\/posts"}],"about":[{"href":"https:\/\/www.europesays.com\/de\/wp-json\/wp\/v2\/types\/post"}],"author":[{"embeddable":true,"href":"https:\/\/www.europesays.com\/de\/wp-json\/wp\/v2\/users\/2"}],"replies":[{"embeddable":true,"href":"https:\/\/www.europesays.com\/de\/wp-json\/wp\/v2\/comments?post=571811"}],"version-history":[{"count":0,"href":"https:\/\/www.europesays.com\/de\/wp-json\/wp\/v2\/posts\/571811\/revisions"}],"wp:featuredmedia":[{"embeddable":true,"href":"https:\/\/www.europesays.com\/de\/wp-json\/wp\/v2\/media\/571812"}],"wp:attachment":[{"href":"https:\/\/www.europesays.com\/de\/wp-json\/wp\/v2\/media?parent=571811"}],"wp:term":[{"taxonomy":"category","embeddable":true,"href":"https:\/\/www.europesays.com\/de\/wp-json\/wp\/v2\/categories?post=571811"},{"taxonomy":"post_tag","embeddable":true,"href":"https:\/\/www.europesays.com\/de\/wp-json\/wp\/v2\/tags?post=571811"}],"curies":[{"name":"wp","href":"https:\/\/api.w.org\/{rel}","templated":true}]}}