{"id":571821,"date":"2025-11-13T07:02:13","date_gmt":"2025-11-13T07:02:13","guid":{"rendered":"https:\/\/www.europesays.com\/de\/571821\/"},"modified":"2025-11-13T07:02:13","modified_gmt":"2025-11-13T07:02:13","slug":"tag-der-offenen-tuer-in-unsichtbarer-gesamtschule","status":"publish","type":"post","link":"https:\/\/www.europesays.com\/de\/571821\/","title":{"rendered":"Tag der offenen T\u00fcr in unsichtbarer Gesamtschule"},"content":{"rendered":"<p class=\"text_ohne_einzug richtext text-em-55 !leading-serif mx-6 desktop:mx-0\">Vor dem Mehrzweckgeb\u00e4ude im Rheydter Campuspark hat sich eine lange Schlange gebildet, Eltern und Sch\u00fcler warten auf den Einlass zum Tag der offenen T\u00fcr der Gesamtschule Breite Stra\u00dfe. Das kuriose: Die Schule ist noch nicht fertiggestellt, soll aber zum Schulbeginn 2026 schon die ersten F\u00fcnftkl\u00e4ssler bei sich aufnehmen. Also r\u00fchren Holger Wildemann und sein Team schon jetzt die Werbetrommel, um einen starken ersten Jahrgang f\u00fcr die siebte Gladbacher Gesamtschule zu erm\u00f6glichen: \u201eDieser Tag heute ist eben so sch\u00f6n, weil die Schule noch nicht steht. So k\u00f6nnen wir heute noch gewisse Schwerpunkte herausarbeiten. Das Leitbild der Schule ist dreigeteilt: respektvoll, aufmerksam, zuverl\u00e4ssig. \u201eWir haben keine Regeln, wir haben Werte\u201c, so Wildemann.<\/p>\n","protected":false},"excerpt":{"rendered":"Vor dem Mehrzweckgeb\u00e4ude im Rheydter Campuspark hat sich eine lange Schlange gebildet, Eltern und Sch\u00fcler warten auf den&hellip;\n","protected":false},"author":2,"featured_media":571822,"comment_status":"","ping_status":"","sticky":false,"template":"","format":"standard","meta":{"footnotes":""},"categories":[1849],"tags":[5871,11225,2144,100372,78879,3364,29,548,663,3934,30,9022,13,73544,4455,14,15,1209,40763,137718,12,966,1781,33826,137717],"class_list":{"0":"post-571821","1":"post","2":"type-post","3":"status-publish","4":"format-standard","5":"has-post-thumbnail","7":"category-moenchengladbach","8":"tag-grundschule","9":"tag-barrierefrei","10":"tag-barrierefreiheit","11":"tag-breite","12":"tag-campuspark","13":"tag-de","14":"tag-deutschland","15":"tag-eu","16":"tag-europa","17":"tag-europe","18":"tag-germany","19":"tag-gesamtschule","20":"tag-headlines","21":"tag-leitbild","22":"tag-moenchengladbach","23":"tag-nachrichten","24":"tag-news","25":"tag-nordrhein-westfalen","26":"tag-offenen","27":"tag-regelschule","28":"tag-schlagzeilen","29":"tag-schule","30":"tag-tag","31":"tag-tuer","32":"tag-unsichtbare"},"share_on_mastodon":{"url":"https:\/\/pubeurope.com\/@de\/115541111387896175","error":""},"_links":{"self":[{"href":"https:\/\/www.europesays.com\/de\/wp-json\/wp\/v2\/posts\/571821","targetHints":{"allow":["GET"]}}],"collection":[{"href":"https:\/\/www.europesays.com\/de\/wp-json\/wp\/v2\/posts"}],"about":[{"href":"https:\/\/www.europesays.com\/de\/wp-json\/wp\/v2\/types\/post"}],"author":[{"embeddable":true,"href":"https:\/\/www.europesays.com\/de\/wp-json\/wp\/v2\/users\/2"}],"replies":[{"embeddable":true,"href":"https:\/\/www.europesays.com\/de\/wp-json\/wp\/v2\/comments?post=571821"}],"version-history":[{"count":0,"href":"https:\/\/www.europesays.com\/de\/wp-json\/wp\/v2\/posts\/571821\/revisions"}],"wp:featuredmedia":[{"embeddable":true,"href":"https:\/\/www.europesays.com\/de\/wp-json\/wp\/v2\/media\/571822"}],"wp:attachment":[{"href":"https:\/\/www.europesays.com\/de\/wp-json\/wp\/v2\/media?parent=571821"}],"wp:term":[{"taxonomy":"category","embeddable":true,"href":"https:\/\/www.europesays.com\/de\/wp-json\/wp\/v2\/categories?post=571821"},{"taxonomy":"post_tag","embeddable":true,"href":"https:\/\/www.europesays.com\/de\/wp-json\/wp\/v2\/tags?post=571821"}],"curies":[{"name":"wp","href":"https:\/\/api.w.org\/{rel}","templated":true}]}}