{"id":571842,"date":"2025-11-13T07:15:15","date_gmt":"2025-11-13T07:15:15","guid":{"rendered":"https:\/\/www.europesays.com\/de\/571842\/"},"modified":"2025-11-13T07:15:15","modified_gmt":"2025-11-13T07:15:15","slug":"viel-starpotenzial-in-der-wuppertaler-schwimmoper","status":"publish","type":"post","link":"https:\/\/www.europesays.com\/de\/571842\/","title":{"rendered":"Viel Starpotenzial in der Wuppertaler Schwimmoper"},"content":{"rendered":"<p class=\"text_ohne_einzug richtext text-em-55 !leading-serif mx-6 desktop:mx-0\">Mit einem selbstbewussten L\u00e4cheln, teilweise auch ein wenig Nervosit\u00e4t sprangen am Mittwochnachmittag die Top-Schwimmerinnen und -Schwimmer des SV Bayer Wuppertal ins Becken der Schwimmoper, um letzte Trainingsbahnen zu ziehen, bevor das Bad im Anschluss auch f\u00fcr alle anderen Starter bei den Deutschen Kurzbahnmeisterschaften zum Einschwimmen ge\u00f6ffnet wurde und bevor es f\u00fcr alle am Donnerstag ernst wird. Zum elften Mal finden die nationalen Titelk\u00e4mpfe auf der 25-Meter-Bahn bis Sonntag in Wuppertal statt, wohin der DSV sie, wie berichtet, bereits bis 2028 vergeben hat. Atmosph\u00e4re und Organisation durch den SV Bayer, Stadtsportbund und die Stadt erfahren vom DSV damit h\u00f6chste Anerkennung.<\/p>\n","protected":false},"excerpt":{"rendered":"Mit einem selbstbewussten L\u00e4cheln, teilweise auch ein wenig Nervosit\u00e4t sprangen am Mittwochnachmittag die Top-Schwimmerinnen und -Schwimmer des SV&hellip;\n","protected":false},"author":2,"featured_media":571843,"comment_status":"","ping_status":"","sticky":false,"template":"","format":"standard","meta":{"footnotes":""},"categories":[1840],"tags":[1739,6605,3364,29,31894,30,60670,130495,40645,78608,1209,43239,44792,137720,82823,137719,4418],"class_list":{"0":"post-571842","1":"post","2":"type-post","3":"status-publish","4":"format-standard","5":"has-post-thumbnail","7":"category-wuppertal","8":"tag-bahn","9":"tag-bayer","10":"tag-de","11":"tag-deutschland","12":"tag-dsv","13":"tag-germany","14":"tag-henning-lambertz","15":"tag-kurzbahnmeisterschaften","16":"tag-meisterschaften","17":"tag-nationalen","18":"tag-nordrhein-westfalen","19":"tag-schwimmer","20":"tag-schwimmerinnen","21":"tag-schwimmern","22":"tag-schwimmoper","23":"tag-titelkaempfe","24":"tag-wuppertal"},"share_on_mastodon":{"url":"https:\/\/pubeurope.com\/@de\/115541162572012712","error":""},"_links":{"self":[{"href":"https:\/\/www.europesays.com\/de\/wp-json\/wp\/v2\/posts\/571842","targetHints":{"allow":["GET"]}}],"collection":[{"href":"https:\/\/www.europesays.com\/de\/wp-json\/wp\/v2\/posts"}],"about":[{"href":"https:\/\/www.europesays.com\/de\/wp-json\/wp\/v2\/types\/post"}],"author":[{"embeddable":true,"href":"https:\/\/www.europesays.com\/de\/wp-json\/wp\/v2\/users\/2"}],"replies":[{"embeddable":true,"href":"https:\/\/www.europesays.com\/de\/wp-json\/wp\/v2\/comments?post=571842"}],"version-history":[{"count":0,"href":"https:\/\/www.europesays.com\/de\/wp-json\/wp\/v2\/posts\/571842\/revisions"}],"wp:featuredmedia":[{"embeddable":true,"href":"https:\/\/www.europesays.com\/de\/wp-json\/wp\/v2\/media\/571843"}],"wp:attachment":[{"href":"https:\/\/www.europesays.com\/de\/wp-json\/wp\/v2\/media?parent=571842"}],"wp:term":[{"taxonomy":"category","embeddable":true,"href":"https:\/\/www.europesays.com\/de\/wp-json\/wp\/v2\/categories?post=571842"},{"taxonomy":"post_tag","embeddable":true,"href":"https:\/\/www.europesays.com\/de\/wp-json\/wp\/v2\/tags?post=571842"}],"curies":[{"name":"wp","href":"https:\/\/api.w.org\/{rel}","templated":true}]}}