{"id":571947,"date":"2025-11-13T08:15:14","date_gmt":"2025-11-13T08:15:14","guid":{"rendered":"https:\/\/www.europesays.com\/de\/571947\/"},"modified":"2025-11-13T08:15:14","modified_gmt":"2025-11-13T08:15:14","slug":"borussia-moenchengladbach-roland-virkus-vor-job-comeback-in-gladbach-bild","status":"publish","type":"post","link":"https:\/\/www.europesays.com\/de\/571947\/","title":{"rendered":"Borussia M\u00f6nchengladbach: Roland Virkus vor Job-Comeback in Gladbach! &#8211; BILD"},"content":{"rendered":"<ol>\n<li><a href=\"https:\/\/news.google.com\/rss\/articles\/CBMixwFBVV95cUxPbDI0V0Z6N2xWVkdkTGJ5WmtLN2V4X3BpMUlxRVFncHFTSTlIbXVOWE9VT1h0aUg4dEhvaF84akFhdlB6MVBfMjhWVnJfeTRMRUZzSDJBY291NnFjeHhRRXp3SzlpTVlkWExSTlE1V3lBU3ZJcUlYMkpzb3R5bzlwZ1NrZ0RpZXluN2dtZ3NFQVlXdnpsU092SElmaXhZT0RDMkFaWEtjUkZSR2ZOeDlVVi1oT0JkRUd6UkVKTWYzZUxyLTB0cVhN?oc=5\" target=\"_blank\" rel=\"noopener\">Borussia M\u00f6nchengladbach: Roland Virkus vor Job-Comeback in Gladbach!<\/a>&nbsp;&nbsp;BILD<\/li>\n<li><a href=\"https:\/\/news.google.com\/rss\/articles\/CBMinwFBVV95cUxQOXNrY09qMnRUUFdrVTlzQS1hQ0VCRjlmajBJZ2RVSXhTX3pFVFlhTEpsVE9BYW82R3RxZEFNQkRENE82QVY4MnpabTM3cldlczdabXRXU2xHTzBFSktCNGtTdHItZ3otUmsxUHp1d1RVWUhyOUFFSzNnZzROd0dyaGd3bnJGeWNxMWpkdEVCU1EzcGpxTXZYZGNRX2pHV2M?oc=5\" target=\"_blank\" rel=\"noopener\">Nach R\u00fccktritt: Ex-Sportchef Virkus soll neuen Job bei Gladbach bekommen<\/a>&nbsp;&nbsp;Watson.de<\/li>\n<li><a href=\"https:\/\/news.google.com\/rss\/articles\/CBMiywFBVV95cUxQRmc2ek5yUUFvMnFjMFA1X0VuS2h2ZkZiUEVrUDJSUDBGTXdFU2EwTTRUSlNWNDlQcmx6YkgweVNYbDNzUWZ6QjJLMmtjekdYWE9ZbG9zWE5Seko5eS1rcUVQYnNjMXhyS3BJNTVNUTM4cnBRU3ZDRFFlVWh6R1l3NW1rVGRFOWlmTWpVbUc2T1hRelRUWkd0Mkk3amVKbmI4TXo2STRKZlVuX2ZMa0xqTjJ6VjM0QVNOWU1kWnVYeWQwaW1LQS04NzM2dw?oc=5\" target=\"_blank\" rel=\"noopener\">Borussia M\u00f6nchengladbach &#8211; Roland Virkus: Comeback r\u00fcckt wohl immer n\u00e4her<\/a>&nbsp;&nbsp;Ran<\/li>\n<li><a href=\"https:\/\/news.google.com\/rss\/articles\/CBMidkFVX3lxTE85RDV4NmlNUElVZ05JeWJ1UEJWMEFYSkczRmZUa2VZRHFqcGFsNzVyeUVIeS1jSzBrZFdCUVhmanIwdWM5Sy1qZ1JaQ0h1dUgyUmw1ZlRXcmFreDFtNUZ4S18zSUpxMzlteUc4V1Y1MFRvTHoyU3c?oc=5\" target=\"_blank\" rel=\"noopener\">Comeback von Roland Virkus?<\/a>&nbsp;&nbsp;OneFootball<\/li>\n<li><a href=\"https:\/\/news.google.com\/rss\/articles\/CBMipAFBVV95cUxORDBEa0NYNzB4X29HMG5vX2JfS2dwRVhaT2FrTGc5OHctckU5OUd2TzlnWDEtNFdDazFfSzdBZW1TeVJESzZwRHVINjF6a1MwY3FoOGZOaTZ4My1XbmwwVFdBWVp5SHRLcHppRGxKQjZqU0VBN2YtMUxPdzNqT0VIejdpTWo2RmFXaFVQSkxTVVBlLWZPd1VrRHFESFJPbkVfU0V4eQ?oc=5\" target=\"_blank\" rel=\"noopener\">Borussia M\u00f6nchengladbach: Roland Virkus vor Comeback?<\/a>&nbsp;&nbsp;Tipico<\/li>\n<\/ol>\n","protected":false},"excerpt":{"rendered":"Borussia M\u00f6nchengladbach: Roland Virkus vor Job-Comeback in Gladbach!&nbsp;&nbsp;BILD Nach R\u00fccktritt: Ex-Sportchef Virkus soll neuen Job bei Gladbach bekommen&nbsp;&nbsp;Watson.de&hellip;\n","protected":false},"author":2,"featured_media":571948,"comment_status":"","ping_status":"","sticky":false,"template":"","format":"standard","meta":{"footnotes":""},"categories":[136],"tags":[30833,815,29,14490,538,30,126094,265,819,45,10735],"class_list":{"0":"post-571947","1":"post","2":"type-post","3":"status-publish","4":"format-standard","5":"has-post-thumbnail","7":"category-sport","8":"tag-bonhof-rainer","9":"tag-borussia-moenchengladbach","10":"tag-deutschland","11":"tag-eberl-max","12":"tag-erste-bundesliga","13":"tag-germany","14":"tag-schroeder-rouven","15":"tag-sport","16":"tag-sport-leuchtturm-essen","17":"tag-texttospeech","18":"tag-virkus-roland"},"share_on_mastodon":{"url":"https:\/\/pubeurope.com\/@de\/115541398385668019","error":""},"_links":{"self":[{"href":"https:\/\/www.europesays.com\/de\/wp-json\/wp\/v2\/posts\/571947","targetHints":{"allow":["GET"]}}],"collection":[{"href":"https:\/\/www.europesays.com\/de\/wp-json\/wp\/v2\/posts"}],"about":[{"href":"https:\/\/www.europesays.com\/de\/wp-json\/wp\/v2\/types\/post"}],"author":[{"embeddable":true,"href":"https:\/\/www.europesays.com\/de\/wp-json\/wp\/v2\/users\/2"}],"replies":[{"embeddable":true,"href":"https:\/\/www.europesays.com\/de\/wp-json\/wp\/v2\/comments?post=571947"}],"version-history":[{"count":0,"href":"https:\/\/www.europesays.com\/de\/wp-json\/wp\/v2\/posts\/571947\/revisions"}],"wp:featuredmedia":[{"embeddable":true,"href":"https:\/\/www.europesays.com\/de\/wp-json\/wp\/v2\/media\/571948"}],"wp:attachment":[{"href":"https:\/\/www.europesays.com\/de\/wp-json\/wp\/v2\/media?parent=571947"}],"wp:term":[{"taxonomy":"category","embeddable":true,"href":"https:\/\/www.europesays.com\/de\/wp-json\/wp\/v2\/categories?post=571947"},{"taxonomy":"post_tag","embeddable":true,"href":"https:\/\/www.europesays.com\/de\/wp-json\/wp\/v2\/tags?post=571947"}],"curies":[{"name":"wp","href":"https:\/\/api.w.org\/{rel}","templated":true}]}}