{"id":572105,"date":"2025-11-13T09:44:17","date_gmt":"2025-11-13T09:44:17","guid":{"rendered":"https:\/\/www.europesays.com\/de\/572105\/"},"modified":"2025-11-13T09:44:17","modified_gmt":"2025-11-13T09:44:17","slug":"hsv-yussuf-poulsen-verletzt-sich-bei-daenemarks-nationalelf-sport","status":"publish","type":"post","link":"https:\/\/www.europesays.com\/de\/572105\/","title":{"rendered":"HSV: Yussuf Poulsen verletzt sich bei D\u00e4nemarks Nationalelf | Sport"},"content":{"rendered":"<p><b>Die Freude hielt nur kurz.<\/b><\/p>\n<p>Drei Tage nachdem Yussuf Poulsen (31) etwas \u00fcberraschend f\u00fcr die d\u00e4nische Nationalelf nachnominiert wurde, muss der HSV-St\u00fcrmer auch schon wieder abreisen. Der Grund wird in Hamburg keinem schmecken.<\/p>\n<p>HSV: Verletzungs-Schock f\u00fcr Poulsen!<\/p>\n<p><b>Denn Poulsen ist wieder angeschlagen. Immerhin: Der d\u00e4nische Verband spricht in einer Mitteilung nur von \u201eleicht verletzt\u201c. Doch klar ist: \u201eEr steht daher leider f\u00fcr die n\u00e4chsten beiden Spiele nicht zur Verf\u00fcgung.\u201c<\/b><\/p>\n<p>Passiert ist es am Mittwoch im Trainingslager der D\u00e4nen in Helsing\u00f8r (Nord-D\u00e4nemark). Dort bereitet sich die Mannschaft auf die L\u00e4nderspiele am Samstag in Kopenhagen gegen Belarus und am Dienstag in Schottland vor. Als Poulsen-Ersatz wurde Monaco-St\u00fcrmer Mika Biereth (22) nachnominiert.<\/p>\n<p>Promi-Hochzeit in Israel: HSV-Torwart heiratet Superstar<a class=\"anchor video-teaser__anchor\" href=\"https:\/\/www.bild.de\/sport\/fussball\/hsv-torwart-heiratet-superstar-noa-kirel-in-israel-691351a4043e62eea479f25b\" target=\"_blank\" rel=\"noopener\"><img decoding=\"async\" width=\"992\" height=\"558\" alt=\"HSV-Torwart heiratet Superstar Noa Kirel in Israel\" src=\"https:\/\/www.europesays.com\/de\/wp-content\/uploads\/2025\/11\/2991ae8deeffae5d6eebb02d13810c66,a0425a2f\"   class=\"landscape teaser__image\" loading=\"lazy\"\/><\/a><\/p>\n<p>Quelle: BILD12.11.2025<\/p>\n<p>Bittere Nachrichten f\u00fcr den HSV-Kapit\u00e4n, der in dieser Saison aufgrund anhaltender muskul\u00e4rer Probleme erst am vergangenen Samstag gegen den BVB (1:1) sein Startelf-Deb\u00fct feiern konnte. <\/p>\n<p><b>Bereits im Herbst zwischen dem 3. und 6. Spieltag war er ausgefallen. In Hamburg ist seine Belastung sehr genau mit der medizinischen Abteilung abgesprochen.<\/b><\/p>\n<p>Noch ist offen, was genau Poulsen hat und wie lange er jetzt zum Zuschauen gezwungen ist.<\/p>\n<p>Mehr zum Thema<\/p>\n<p><a href=\"https:\/\/www.bild.de\/sport\/fussball\/hsv\/startseite-hsv-31074410.bild.html\" class=\"text-link\" target=\"_blank\" rel=\"noopener\"><b>HSV<\/b><\/a><b>-Trainer Merlin Polzin (35) war am Mittwoch nach dem Test gegen Groningen (6:3) optimistisch, dass der behutsame HSV-Umgang mit Poulsen auch bei der Nationalelf Erfolg haben kann.<\/b><\/p>\n<p>\u201eWir sind eng im Austausch mit der Nationalmannschaft, was seine Belastungssteuerung angeht, weil das immer das Thema ist\u201c, erkl\u00e4rte Polzin, der seinen Kabinen-Boss regelm\u00e4\u00dfig in Trainingseinheiten schont. \u201eDa hatten wir schon zwei Meetings (mit den Athletiktrainern, d. Red.) und versuchen das bestm\u00f6glich.\u201c<\/p>\n<p><b>Durch die vorzeitige Abreise wird es f\u00fcr Poulsen auch mit der Nominierung f\u00fcr den WM-Kader im kommenden Sommer schwieriger. <\/b><\/p>\n<p>Mehr zum Thema<\/p>\n<p>Sein letztes L\u00e4nderspiel machte er vor rund einem Jahr. Und bis zur Nominierung f\u00fcr das Turnier in Kanada, Mexiko und den USA h\u00e4tte er nur noch die Abstellungsperiode im M\u00e4rz, um sich zu zeigen.<\/p>\n","protected":false},"excerpt":{"rendered":"Die Freude hielt nur kurz. Drei Tage nachdem Yussuf Poulsen (31) etwas \u00fcberraschend f\u00fcr die d\u00e4nische Nationalelf nachnominiert&hellip;\n","protected":false},"author":2,"featured_media":572106,"comment_status":"","ping_status":"","sticky":false,"template":"","format":"standard","meta":{"footnotes":""},"categories":[5],"tags":[1263,538,3150,13,4917,30298,14,61500,15,10166,10783,12,542,45,10,8,9,11,1261,2627],"class_list":{"0":"post-572105","1":"post","2":"type-post","3":"status-publish","4":"format-standard","5":"has-post-thumbnail","7":"category-nachrichten","8":"tag-aufmacher-bereich","9":"tag-erste-bundesliga","10":"tag-hamburger-sv","11":"tag-headlines","12":"tag-kapitaen","13":"tag-kuntz-stefan","14":"tag-nachrichten","15":"tag-nationalmannschaft-daenemark","16":"tag-news","17":"tag-polzin-merlin","18":"tag-poulsen-yussuf","19":"tag-schlagzeilen","20":"tag-sport-leuchtturm-hamburg","21":"tag-texttospeech","22":"tag-top-news","23":"tag-top-meldungen","24":"tag-topmeldungen","25":"tag-topnews","26":"tag-toralarm-top-news","27":"tag-verletzungen"},"share_on_mastodon":{"url":"https:\/\/pubeurope.com\/@de\/115541749137628005","error":""},"_links":{"self":[{"href":"https:\/\/www.europesays.com\/de\/wp-json\/wp\/v2\/posts\/572105","targetHints":{"allow":["GET"]}}],"collection":[{"href":"https:\/\/www.europesays.com\/de\/wp-json\/wp\/v2\/posts"}],"about":[{"href":"https:\/\/www.europesays.com\/de\/wp-json\/wp\/v2\/types\/post"}],"author":[{"embeddable":true,"href":"https:\/\/www.europesays.com\/de\/wp-json\/wp\/v2\/users\/2"}],"replies":[{"embeddable":true,"href":"https:\/\/www.europesays.com\/de\/wp-json\/wp\/v2\/comments?post=572105"}],"version-history":[{"count":0,"href":"https:\/\/www.europesays.com\/de\/wp-json\/wp\/v2\/posts\/572105\/revisions"}],"wp:featuredmedia":[{"embeddable":true,"href":"https:\/\/www.europesays.com\/de\/wp-json\/wp\/v2\/media\/572106"}],"wp:attachment":[{"href":"https:\/\/www.europesays.com\/de\/wp-json\/wp\/v2\/media?parent=572105"}],"wp:term":[{"taxonomy":"category","embeddable":true,"href":"https:\/\/www.europesays.com\/de\/wp-json\/wp\/v2\/categories?post=572105"},{"taxonomy":"post_tag","embeddable":true,"href":"https:\/\/www.europesays.com\/de\/wp-json\/wp\/v2\/tags?post=572105"}],"curies":[{"name":"wp","href":"https:\/\/api.w.org\/{rel}","templated":true}]}}