{"id":572109,"date":"2025-11-13T09:46:18","date_gmt":"2025-11-13T09:46:18","guid":{"rendered":"https:\/\/www.europesays.com\/de\/572109\/"},"modified":"2025-11-13T09:46:18","modified_gmt":"2025-11-13T09:46:18","slug":"trierer-strasse-gehoert-zu-den-gefaehrlichsten-in-deutschland","status":"publish","type":"post","link":"https:\/\/www.europesays.com\/de\/572109\/","title":{"rendered":"Trierer Stra\u00dfe geh\u00f6rt zu den gef\u00e4hrlichsten in Deutschland"},"content":{"rendered":"<p>Unfallstudie 2024 <\/p>\n<p>Diese Stra\u00dfe in Aachen geh\u00f6rt zu den gef\u00e4hrlichsten in Deutschland<\/p>\n<p>13.11.2025 &#8211; 10:30 UhrLesedauer: 2 Min.<\/p>\n<p><a href=\"#focus-0\" class=\"transition-colors duration-200 block text-current relative\" data-sctrack=\"FocusGalleryImage.Reference\"><img fetchpriority=\"high\" data-testid=\"Opener.Image\" style=\"--lqipURL:url('https:\/\/images.t-online.de\/2025\/11\/tDGcre2CkYl3\/0x417:4000x2250\/fit-in\/150x0\/filters:blur(25)\/die-kreuzung-an-der-trierer-strasse-in-brand-archivbild-die-strasse-gehoert-laut-einer-studie-zu-den-gefaehrlichsten-in-deutschland.jpg')\"   loading=\"eager\" src=\"https:\/\/www.europesays.com\/de\/wp-content\/uploads\/2025\/11\/die-kreuzung-an-der-trierer-strasse-in-brand-archivbild-die-strasse-gehoert-laut-einer-studie-zu-den.jpeg\" alt=\"imago images 142325171\" title=\"imago images 142325171\" width=\"4000\" height=\"2250\" class=\"bg-[url:var(--lqipURL)] bg-cover bg-center flex h-full w-full max-w-full\" decoding=\"async\"\/><img style=\"--width:32;--height:32\" loading=\"lazy\" src=\"https:\/\/aachen.t-online.de\/s\/paper\/_next\/static\/media\/zoom-in.f7dae02f.svg\" alt=\"Vergr\u00f6\u00dfern des Bildes\" title=\"Vergr\u00f6\u00dfern des Bildes\" class=\"block h-[calc(var(--height)_\/_16_*_1rem)] w-[calc(var(--width)_\/_16_*_1rem)] max-w-none absolute bottom-8 right-8 rounded-4 bg-snow p-8\" decoding=\"async\"\/><\/a><\/p>\n<p>Die Kreuzung an der Trierer Stra\u00dfe in Brand (Archivbild): Die Stra\u00dfe geh\u00f6rt laut einer Studie zu den gef\u00e4hrlichsten in Deutschland. (Quelle: Wassilis Aswestopoulos via www.imago-images.de)<\/p>\n<p class=\"font-bold text-18 leading-17\">Eine Stra\u00dfe in Aachen landet laut einer Studie von &#8222;Allianz Direct&#8220; in den Top-5 der gef\u00e4hrlichsten Deutschlands. 2023 erreichte sie sogar den ersten Platz.<\/p>\n<p class=\"text-18 leading-17\">Die Trierer Stra\u00dfe in Aachen landet laut einer Unfallstudie von &#8222;Allianz Direct&#8220; auf Platz 4 der gef\u00e4hrlichsten Stra\u00dfen Deutschlands. Demnach gab es dort im Jahr 2024 58 Unf\u00e4lle mit Personenschaden \u2013 also Unf\u00e4lle, bei denen mindestens ein Mensch leicht verletzt wurde. Bei vier Unf\u00e4llen kam es zu schweren Verletzungen, 53 Unf\u00e4lle hatten leichtverletzte Personen zur Folge. Ein Unfall endete t\u00f6dlich.<\/p>\n<p class=\"text-18 leading-17\">Die mehr als vier Kilometer lange Trierer Stra\u00dfe, die kurz vor Brand beginnt und bis zur Kreuzung an der Adenauerallee f\u00fchrt, gilt als wichtige Verbindung in Aachen ist bekannt f\u00fcr ihr hohes Verkehrsaufkommen. Im Jahr 2023 erreichte sie in der Studie sogar Platz 1 und galt damit als gef\u00e4hrlichste Deutschlands. Damals gab es dort 63 Unf\u00e4lle, davon hatten 11 schwere Verletzungen zur Folge.<\/p>\n<p class=\"text-18 leading-17\">Neuer bundesweiter Spitzenreiter ist die Hanauer Stra\u00dfe in Frankfurt am Main. Dort gab es 2024 59 Unf\u00e4lle mit Personenschaden, zw\u00f6lf davon hatten schwere Verletzungen zur Folge. Die Kieler Stra\u00dfe in Hamburg und Vahrenwalder Stra\u00dfe in Hannover, beide jeweils 59 Unf\u00e4lle, landen auf Platz 2 und 3. Allerdings gab es dort nur 4 bzw. 2 Unf\u00e4lle, die schwere Verletzungen zur Folge hatten. Bei keiner der drei gef\u00e4hrlichsten Stra\u00dfen gab es t\u00f6dliche Unf\u00e4lle.<\/p>\n<p class=\"text-18 leading-17\">Nordrhein-Westfalen verzeichnete im Vergleich mit den anderen Bundesl\u00e4ndern die meisten Verkehrsunf\u00e4lle. 58.062 waren es im Jahr 2024 insgesamt, weniger als im Vorjahr (59.917) Bayern liegt mit 44.331 Verkehrsunf\u00e4llen auf Platz zwei. In den beiden Bundesl\u00e4ndern gab es auch die meisten Unf\u00e4lle mit Todesfolge \u2013 429 in Bayern und 427 in Nordrhein-Westfalen.<\/p>\n<p class=\"text-18 leading-17\">Die wenigsten Unf\u00e4lle gab es 2024, wie im Vorjahr, in Bremen (2.581) und im Saarland (2.894). In der Studie wird darauf hingewiesen, dass in bev\u00f6lkerungsreichen und wirtschaftlich starken Bundesl\u00e4ndern wie Nordrhein-Westfalen und Bayern ein h\u00f6heres Risiko f\u00fcr Verkehrsunf\u00e4lle bestehe, da dort t\u00e4glich viele Menschen zur Arbeit pendeln.<\/p>\n<p class=\"text-18 leading-17\">F\u00fcr die Studie habe &#8222;Allianz Direct&#8220; die Daten der Bundesanstalt f\u00fcr Stra\u00dfenwesen (BASt), des Statistischen Bundesamtes und des Deutschen Unfallatlas analysiert. Die Daten des Deutschen Unfallatlas seien dabei verwendet worden, geografischen Gebiete zu ermitteln, in denen es am h\u00e4ufigsten zu Verkehrsunf\u00e4llen kommt.<\/p>\n<p class=\"text-18 leading-17\">Diese seien mit den Daten des Statistischen Bundesamtes und anderer relevanter Quellen verglichen worden, um einen \u00dcberblick \u00fcber die wichtigsten Statistiken, zum Beispiel \u00fcber die h\u00e4ufigsten Unfallbeteiligten, zu erhalten, und Unfallarten und Unfallursachen besser zu verstehen. Die Macher der Studie weisen darauf hin, dass die Zahlen des Unfallatlas von polizeilichen Unfallzahlen abweichen k\u00f6nnen.<\/p>\n","protected":false},"excerpt":{"rendered":"Unfallstudie 2024 Diese Stra\u00dfe in Aachen geh\u00f6rt zu den gef\u00e4hrlichsten in Deutschland 13.11.2025 &#8211; 10:30 UhrLesedauer: 2 Min.&hellip;\n","protected":false},"author":2,"featured_media":572110,"comment_status":"","ping_status":"","sticky":false,"template":"","format":"standard","meta":{"footnotes":""},"categories":[1853],"tags":[1424,772,2420,3364,29,548,663,3934,2051,30,137805,13,14,15,1209,406,12,84874,137804],"class_list":{"0":"post-572109","1":"post","2":"type-post","3":"status-publish","4":"format-standard","5":"has-post-thumbnail","7":"category-aachen","8":"tag-aachen","9":"tag-bayern","10":"tag-bremen","11":"tag-de","12":"tag-deutschland","13":"tag-eu","14":"tag-europa","15":"tag-europe","16":"tag-frankfurt-am-main","17":"tag-germany","18":"tag-hanauer-strasse","19":"tag-headlines","20":"tag-nachrichten","21":"tag-news","22":"tag-nordrhein-westfalen","23":"tag-saarland","24":"tag-schlagzeilen","25":"tag-trierer-strasse","26":"tag-unfallstudie"},"share_on_mastodon":{"url":"https:\/\/pubeurope.com\/@de\/115541757017858510","error":""},"_links":{"self":[{"href":"https:\/\/www.europesays.com\/de\/wp-json\/wp\/v2\/posts\/572109","targetHints":{"allow":["GET"]}}],"collection":[{"href":"https:\/\/www.europesays.com\/de\/wp-json\/wp\/v2\/posts"}],"about":[{"href":"https:\/\/www.europesays.com\/de\/wp-json\/wp\/v2\/types\/post"}],"author":[{"embeddable":true,"href":"https:\/\/www.europesays.com\/de\/wp-json\/wp\/v2\/users\/2"}],"replies":[{"embeddable":true,"href":"https:\/\/www.europesays.com\/de\/wp-json\/wp\/v2\/comments?post=572109"}],"version-history":[{"count":0,"href":"https:\/\/www.europesays.com\/de\/wp-json\/wp\/v2\/posts\/572109\/revisions"}],"wp:featuredmedia":[{"embeddable":true,"href":"https:\/\/www.europesays.com\/de\/wp-json\/wp\/v2\/media\/572110"}],"wp:attachment":[{"href":"https:\/\/www.europesays.com\/de\/wp-json\/wp\/v2\/media?parent=572109"}],"wp:term":[{"taxonomy":"category","embeddable":true,"href":"https:\/\/www.europesays.com\/de\/wp-json\/wp\/v2\/categories?post=572109"},{"taxonomy":"post_tag","embeddable":true,"href":"https:\/\/www.europesays.com\/de\/wp-json\/wp\/v2\/tags?post=572109"}],"curies":[{"name":"wp","href":"https:\/\/api.w.org\/{rel}","templated":true}]}}