{"id":572117,"date":"2025-11-13T09:50:14","date_gmt":"2025-11-13T09:50:14","guid":{"rendered":"https:\/\/www.europesays.com\/de\/572117\/"},"modified":"2025-11-13T09:50:14","modified_gmt":"2025-11-13T09:50:14","slug":"drama-um-gladbach-star-tabakovic-jetzt-heisst-es-alles-oder-nichts","status":"publish","type":"post","link":"https:\/\/www.europesays.com\/de\/572117\/","title":{"rendered":"Drama um Gladbach-Star Tabakovic: Jetzt hei\u00dft es alles oder nichts!"},"content":{"rendered":"<p>Die Sorge war schon gro\u00df, dass er zu einem Flop-Transfer wird, aber Haris Tabakovic hat bei Borussia M\u00f6nchengladbach voll eingeschlagen. Der St\u00fcrmer hat einen gro\u00dfen Anteil daran, dass die Fohlen die Wende geschafft haben und vorerst aus dem Tabellenkeller entkommen sind.<\/p>\n<p>Nun kann sich Tabakovic in der L\u00e4nderspielpause auf ein anderes gro\u00dfes Ziel konzentrieren: die Qualifikation f\u00fcr die Weltmeisterschaft im n\u00e4chsten Jahr mit seiner Heimat Bosnien. In den kommenden Tagen steht f\u00fcr ihn ein wahrer Krimi an \u2013 die n\u00e4chsten beiden Spiele werden \u00fcber die WM-Tr\u00e4ume entscheiden.<\/p>\n<p> Gladbach-St\u00fcrmer Tabakovic will zur WM <\/p>\n<p>Doch die Situation in der Qualifikationsgruppe H k\u00f6nnte spannender kaum sein. Bosnien rangiert mit 13 Punkten auf dem zweiten Platz, nur zwei Z\u00e4hler hinter Tabellenf\u00fchrer \u00d6sterreich (15 Punkte). Direkt dahinter lauert Rum\u00e4nien mit 10 Punkten. Beide kommenden Gegner von Bosnien sind also direkte Rivalen.<\/p>\n<p><strong>Auch interessant:<\/strong> <a href=\"https:\/\/www.derwesten.de\/sport\/fussball\/fc-bayern-muenchen-guerreiro-zukunft-vertrag-abgang-abschied-news-id301873998.html\" rel=\"nofollow noopener\" target=\"_blank\">FC Bayern: Wirbel um Star! FCB-Bosse treffen wohl Entscheidung<\/a><\/p>\n<p>Lediglich der Gruppensieger erh\u00e4lt das direkte Ticket zur Weltmeisterschaft. Der Zweitplatzierte der Gruppe muss in die nervenaufreibenden Playoffs. Aktuell befindet sich Tabakovics Team auf diesem Playoff-Platz. Die n\u00e4chsten beiden Partien k\u00f6nnen allerdings alles ver\u00e4ndern \u2013 sowohl in Richtung WM-Qualifikation als auch in den Abgrund.<\/p>\n<p> Drama bahnt sich an! <\/p>\n<p>Die Schicksalsspiele steigen am 15. November gegen Rum\u00e4nien und am 18. November ausw\u00e4rts gegen \u00d6sterreich. Besonders die Partie gegen Rum\u00e4nien wird entscheidend. Mit einem Sieg w\u00fcrde Bosnien die Teilnahme an den Playoffs endg\u00fcltig klarmachen. Selbst ein Unentschieden k\u00f6nnte aufgrund der besseren Tordifferenz reichen.<\/p>\n<p>Mehr Nachrichten f\u00fcr dich:<\/p>\n<p>Die Begegnungen versprechen jede Menge Spannung. Sollten Bosnien und Rum\u00e4nien jedoch nur ein Remis erzielen und \u00d6sterreich gleichzeitig gegen Zypern gewinnen, w\u00e4re das Rennen gelaufen: Die \u00d6sterreicher w\u00e4ren direkt qualifiziert, Bosnien m\u00fcsste sich mit den Playoffs zufriedengeben. F\u00fcr Haris Tabakovic und seine Mitspieler beginnt also eine dramatische Phase.<\/p>\n","protected":false},"excerpt":{"rendered":"Die Sorge war schon gro\u00df, dass er zu einem Flop-Transfer wird, aber Haris Tabakovic hat bei Borussia M\u00f6nchengladbach&hellip;\n","protected":false},"author":2,"featured_media":572118,"comment_status":"","ping_status":"","sticky":false,"template":"","format":"standard","meta":{"footnotes":""},"categories":[1849],"tags":[815,3364,29,548,663,3934,30,13,4455,14,15,1209,12],"class_list":{"0":"post-572117","1":"post","2":"type-post","3":"status-publish","4":"format-standard","5":"has-post-thumbnail","7":"category-moenchengladbach","8":"tag-borussia-moenchengladbach","9":"tag-de","10":"tag-deutschland","11":"tag-eu","12":"tag-europa","13":"tag-europe","14":"tag-germany","15":"tag-headlines","16":"tag-moenchengladbach","17":"tag-nachrichten","18":"tag-news","19":"tag-nordrhein-westfalen","20":"tag-schlagzeilen"},"share_on_mastodon":{"url":"https:\/\/pubeurope.com\/@de\/115541771948689745","error":""},"_links":{"self":[{"href":"https:\/\/www.europesays.com\/de\/wp-json\/wp\/v2\/posts\/572117","targetHints":{"allow":["GET"]}}],"collection":[{"href":"https:\/\/www.europesays.com\/de\/wp-json\/wp\/v2\/posts"}],"about":[{"href":"https:\/\/www.europesays.com\/de\/wp-json\/wp\/v2\/types\/post"}],"author":[{"embeddable":true,"href":"https:\/\/www.europesays.com\/de\/wp-json\/wp\/v2\/users\/2"}],"replies":[{"embeddable":true,"href":"https:\/\/www.europesays.com\/de\/wp-json\/wp\/v2\/comments?post=572117"}],"version-history":[{"count":0,"href":"https:\/\/www.europesays.com\/de\/wp-json\/wp\/v2\/posts\/572117\/revisions"}],"wp:featuredmedia":[{"embeddable":true,"href":"https:\/\/www.europesays.com\/de\/wp-json\/wp\/v2\/media\/572118"}],"wp:attachment":[{"href":"https:\/\/www.europesays.com\/de\/wp-json\/wp\/v2\/media?parent=572117"}],"wp:term":[{"taxonomy":"category","embeddable":true,"href":"https:\/\/www.europesays.com\/de\/wp-json\/wp\/v2\/categories?post=572117"},{"taxonomy":"post_tag","embeddable":true,"href":"https:\/\/www.europesays.com\/de\/wp-json\/wp\/v2\/tags?post=572117"}],"curies":[{"name":"wp","href":"https:\/\/api.w.org\/{rel}","templated":true}]}}