{"id":572127,"date":"2025-11-13T09:55:15","date_gmt":"2025-11-13T09:55:15","guid":{"rendered":"https:\/\/www.europesays.com\/de\/572127\/"},"modified":"2025-11-13T09:55:15","modified_gmt":"2025-11-13T09:55:15","slug":"karlsruhe-sitzblockade-darf-andere-versammlung-nicht-stoeren-baden-wuerttemberg","status":"publish","type":"post","link":"https:\/\/www.europesays.com\/de\/572127\/","title":{"rendered":"Karlsruhe: Sitzblockade darf andere Versammlung nicht st\u00f6ren &#8211; Baden-W\u00fcrttemberg"},"content":{"rendered":"<p>Ein Mann ist mit seiner Beschwerde wegen seiner Verurteilung als Teilnehmer einer Sitzblockade gegen die katholische Piusbruderschaft in Freiburg gescheitert. Das Bundesverfassungsgericht in Karlsruhe wies die Beschwerde zur\u00fcck. Zwar unterliege auch eine Sitzblockade grunds\u00e4tzlich der Versammlungsfreiheit \u2013 aber nicht unbegrenzt. Die strafgerichtliche Verurteilung \u2013 in diesem Fall eine Geldstrafe \u2013 sei gerechtfertigt gewesen, da die Aktion ausschlie\u00dflich darauf ausgerichtet gewesen sei, eine andere Versammlung stark zu st\u00f6ren.<\/p>\n<p>Der konkrete Fall liegt schon mehr als zehn Jahre zur\u00fcck: In Freiburg hatten die Piusbr\u00fcder damals eine Versammlung zum \u00abSchutz des ungeborenen Lebens\u00bb angemeldet. Unter anderem Anh\u00e4nger der Freiburger Antifa organisierten sich zu einer unangemeldeten Gegendemonstration. Rund 70 Aktivisten setzten sich dem etwa 100 Personen umfassenden Demonstrationszug der Priestervereinigung in den Weg. Letztlich mussten die Sitzblockierer von der Stra\u00dfe getragen werden.<\/p>\n<p>Einer der Gegendemonstranten wurde sp\u00e4ter am Amtsgericht Freiburg wegen der St\u00f6rung von Versammlungen und Aufz\u00fcgen zu einer Geldstrafe verurteilt. Das Oberlandesgericht wies seine Berufung gegen das Urteil im September 2020 zur\u00fcck. Der Angeklagte wandte sich als letzte Chance nach Karlsruhe \u2013 ohne Erfolg. (Az. 1\u00a0BvR\u00a02428\/20)<\/p>\n<p>\u00a9 dpa-infocom, dpa:251113-930-286734\/1<\/p>\n","protected":false},"excerpt":{"rendered":"Ein Mann ist mit seiner Beschwerde wegen seiner Verurteilung als Teilnehmer einer Sitzblockade gegen die katholische Piusbruderschaft in&hellip;\n","protected":false},"author":2,"featured_media":572128,"comment_status":"","ping_status":"","sticky":false,"template":"","format":"standard","meta":{"footnotes":""},"categories":[1844],"tags":[1634,3364,507,29,30,1015,8903,4823,16,2283,1009,11747,2301],"class_list":{"0":"post-572127","1":"post","2":"type-post","3":"status-publish","4":"format-standard","5":"has-post-thumbnail","7":"category-karlsruhe","8":"tag-baden-wuerttemberg","9":"tag-de","10":"tag-demonstration","11":"tag-deutschland","12":"tag-germany","13":"tag-justiz","14":"tag-karlsruhe","15":"tag-meldung","16":"tag-politik","17":"tag-prozess-gericht","18":"tag-recht","19":"tag-urteile","20":"tag-verfassung-gesetz"},"share_on_mastodon":{"url":"https:\/\/pubeurope.com\/@de\/115541791546822102","error":""},"_links":{"self":[{"href":"https:\/\/www.europesays.com\/de\/wp-json\/wp\/v2\/posts\/572127","targetHints":{"allow":["GET"]}}],"collection":[{"href":"https:\/\/www.europesays.com\/de\/wp-json\/wp\/v2\/posts"}],"about":[{"href":"https:\/\/www.europesays.com\/de\/wp-json\/wp\/v2\/types\/post"}],"author":[{"embeddable":true,"href":"https:\/\/www.europesays.com\/de\/wp-json\/wp\/v2\/users\/2"}],"replies":[{"embeddable":true,"href":"https:\/\/www.europesays.com\/de\/wp-json\/wp\/v2\/comments?post=572127"}],"version-history":[{"count":0,"href":"https:\/\/www.europesays.com\/de\/wp-json\/wp\/v2\/posts\/572127\/revisions"}],"wp:featuredmedia":[{"embeddable":true,"href":"https:\/\/www.europesays.com\/de\/wp-json\/wp\/v2\/media\/572128"}],"wp:attachment":[{"href":"https:\/\/www.europesays.com\/de\/wp-json\/wp\/v2\/media?parent=572127"}],"wp:term":[{"taxonomy":"category","embeddable":true,"href":"https:\/\/www.europesays.com\/de\/wp-json\/wp\/v2\/categories?post=572127"},{"taxonomy":"post_tag","embeddable":true,"href":"https:\/\/www.europesays.com\/de\/wp-json\/wp\/v2\/tags?post=572127"}],"curies":[{"name":"wp","href":"https:\/\/api.w.org\/{rel}","templated":true}]}}