{"id":572139,"date":"2025-11-13T10:03:10","date_gmt":"2025-11-13T10:03:10","guid":{"rendered":"https:\/\/www.europesays.com\/de\/572139\/"},"modified":"2025-11-13T10:03:10","modified_gmt":"2025-11-13T10:03:10","slug":"19-jaehriger-nach-brutalem-ueberfall-vor-gericht","status":"publish","type":"post","link":"https:\/\/www.europesays.com\/de\/572139\/","title":{"rendered":"19-J\u00e4hriger nach brutalem \u00dcberfall vor Gericht"},"content":{"rendered":"<p class=\"text_ohne_einzug richtext text-em-55 !leading-serif mx-6 desktop:mx-0\">Die Anklage liest sich wie ein Thriller: Ein 60-j\u00e4hriger Mann will am Morgen des 2. Dezember 2024 seine Wohnung verlassen, um sich auf den Weg zur Arbeit zu machen. Doch noch in der T\u00fcr sollen ihn zwei vermummte M\u00e4nner zur\u00fcckgedr\u00e4ngt, ihm einen Faustschlag ins Gesicht und einen Schlag mit einem Stock gegen den Kopf verpasst haben. Danach sollten rund zwei Stunden Leid folgen, in denen ihm Tabletten eingefl\u00f6\u00dft, Messerschnitte verpasst und Wertgegenst\u00e4nde gestohlen werden. Nun muss sich ein 19-j\u00e4hriger Mann vor dem Wuppertaler Amtsgericht verantworten. Ihm werden unter anderem schwerer Raub und erpresserischer Menschenraub zur Last gelegt.<\/p>\n","protected":false},"excerpt":{"rendered":"Die Anklage liest sich wie ein Thriller: Ein 60-j\u00e4hriger Mann will am Morgen des 2. Dezember 2024 seine&hellip;\n","protected":false},"author":2,"featured_media":572140,"comment_status":"","ping_status":"","sticky":false,"template":"","format":"standard","meta":{"footnotes":""},"categories":[1840],"tags":[13021,19548,3364,29,433,137806,30,13799,18273,5402,1209,19170,17176,137807,4418],"class_list":{"0":"post-572139","1":"post","2":"type-post","3":"status-publish","4":"format-standard","5":"has-post-thumbnail","7":"category-wuppertal","8":"tag-13021","9":"tag-angeklagte","10":"tag-de","11":"tag-deutschland","12":"tag-drogen","13":"tag-eingefloesst","14":"tag-germany","15":"tag-gestohlen","16":"tag-jaehriger","17":"tag-maenner","18":"tag-nordrhein-westfalen","19":"tag-opfer","20":"tag-tabletten","21":"tag-verpasst","22":"tag-wuppertal"},"share_on_mastodon":{"url":"https:\/\/pubeurope.com\/@de\/115541823018875118","error":""},"_links":{"self":[{"href":"https:\/\/www.europesays.com\/de\/wp-json\/wp\/v2\/posts\/572139","targetHints":{"allow":["GET"]}}],"collection":[{"href":"https:\/\/www.europesays.com\/de\/wp-json\/wp\/v2\/posts"}],"about":[{"href":"https:\/\/www.europesays.com\/de\/wp-json\/wp\/v2\/types\/post"}],"author":[{"embeddable":true,"href":"https:\/\/www.europesays.com\/de\/wp-json\/wp\/v2\/users\/2"}],"replies":[{"embeddable":true,"href":"https:\/\/www.europesays.com\/de\/wp-json\/wp\/v2\/comments?post=572139"}],"version-history":[{"count":0,"href":"https:\/\/www.europesays.com\/de\/wp-json\/wp\/v2\/posts\/572139\/revisions"}],"wp:featuredmedia":[{"embeddable":true,"href":"https:\/\/www.europesays.com\/de\/wp-json\/wp\/v2\/media\/572140"}],"wp:attachment":[{"href":"https:\/\/www.europesays.com\/de\/wp-json\/wp\/v2\/media?parent=572139"}],"wp:term":[{"taxonomy":"category","embeddable":true,"href":"https:\/\/www.europesays.com\/de\/wp-json\/wp\/v2\/categories?post=572139"},{"taxonomy":"post_tag","embeddable":true,"href":"https:\/\/www.europesays.com\/de\/wp-json\/wp\/v2\/tags?post=572139"}],"curies":[{"name":"wp","href":"https:\/\/api.w.org\/{rel}","templated":true}]}}