{"id":572144,"date":"2025-11-13T10:06:16","date_gmt":"2025-11-13T10:06:16","guid":{"rendered":"https:\/\/www.europesays.com\/de\/572144\/"},"modified":"2025-11-13T10:06:16","modified_gmt":"2025-11-13T10:06:16","slug":"russland-plant-grossen-krieg-in-europa-fuer-2029-2030-diepresse-com","status":"publish","type":"post","link":"https:\/\/www.europesays.com\/de\/572144\/","title":{"rendered":"Russland plant gro\u00dfen Krieg in Europa f\u00fcr 2029-2030 \u2013 DiePresse.com"},"content":{"rendered":"<p>Russland steigere die Produktion milit\u00e4rischer Ausr\u00fcstung, um sich auf Aggressionen auf dem europ\u00e4ischen Kontinents vorzubereiten, sagt der ukrainische Pr\u00e4sident.<\/p>\n<p>Russland steigert die Produktion von milit\u00e4rischer Ausr\u00fcstung, was nicht nur auf seine mangelnde Bereitschaft hindeutet, den Krieg gegen die Ukraine zu beenden, sondern auch auf Pl\u00e4ne, 2029-2030 eine gro\u00df angelegte Aggression auf dem europ\u00e4ischen Kontinent zu starten. Dies erkl\u00e4rte der ukrainische Pr\u00e4sident Wolodymyr Selenskyj am Donnerstag auf Telegram. \u201eWir m\u00fcssen erkennen, dass sie einen gro\u00dfen Krieg wollen, und uns darauf vorbereiten, 2029 oder 2030.\u201c<\/p>\n<p>Selenskyj merkte an, dass Russland derzeit nicht die Absicht habe, seinen Krieg gegen die Ukraine zu beenden. \u201eAngesichts der Lage auf dem Schlachtfeld sehen wir keine Anzeichen daf\u00fcr, dass Russland aufh\u00f6ren will. Das Problem ist, dass wir angesichts der Verteidigungsindustrie Russlands sehen, dass sie ihre Produktion steigern. Und wir gehen davon aus, dass sie diesen Krieg fortsetzen wollen\u201c, f\u00fcgte er hinzu.<\/p>\n<p>Seiner Ansicht nach k\u00f6nnte gemeinsamer Druck Russland dazu zwingen, den Krieg zu unterbrechen. Er forderte internationale Partner auf, dar\u00fcber nachzudenken, wie man die Russen jetzt in der Ukraine stoppen kann. Es sei alles zu tun, um die F\u00e4higkeiten der Russen zu reduzieren, \u201eihnen kein Geld zu geben, das sie immer noch aus der Energiegewinnung beziehen k\u00f6nnen. Und ihnen keine Waffen zu geben.\u201c<\/p>\n<p>Die USA haben Sanktionen gegen die gro\u00dfen russischen \u00d6lkonzerne Rosneft und Lukoil verh\u00e4ngt, und forderten Moskau auf, unverz\u00fcglich einem Waffenstillstand in der Ukraine zuzustimmen. Selenskyj erkl\u00e4rte, dass sich die Verluste Russlands allein durch diese Sanktionen innerhalb eines Jahres auf mindestens 50 Milliarden Dollar (43,19 Mrd. Euro) belaufen w\u00fcrden.<\/p>\n<p>Russland meldete unterdessen die Einnahme weiterer D\u00f6rfer in der Ostukraine. Das Verteidigungsministerium in Moskau teilte am Donnerstag mit, Synelnykowe in der Region Charkiw und Danyliwka in der Region Dnipropetrowsk erobert zu haben. (APA)<\/p>\n<p>    Lesen Sie mehr zu diesen Themen:<\/p>\n","protected":false},"excerpt":{"rendered":"Russland steigere die Produktion milit\u00e4rischer Ausr\u00fcstung, um sich auf Aggressionen auf dem europ\u00e4ischen Kontinents vorzubereiten, sagt der ukrainische&hellip;\n","protected":false},"author":2,"featured_media":572145,"comment_status":"","ping_status":"","sticky":false,"template":"","format":"standard","meta":{"footnotes":""},"categories":[4013],"tags":[331,332,13,8221,14,15,4043,4044,850,307,12],"class_list":{"0":"post-572144","1":"post","2":"type-post","3":"status-publish","4":"format-standard","5":"has-post-thumbnail","7":"category-russland","8":"tag-aktuelle-nachrichten","9":"tag-aktuelle-news","10":"tag-headlines","11":"tag-konflikte","12":"tag-nachrichten","13":"tag-news","14":"tag-russia","15":"tag-russian-federation","16":"tag-russische-foederation","17":"tag-russland","18":"tag-schlagzeilen"},"share_on_mastodon":{"url":"https:\/\/pubeurope.com\/@de\/115541834731789592","error":""},"_links":{"self":[{"href":"https:\/\/www.europesays.com\/de\/wp-json\/wp\/v2\/posts\/572144","targetHints":{"allow":["GET"]}}],"collection":[{"href":"https:\/\/www.europesays.com\/de\/wp-json\/wp\/v2\/posts"}],"about":[{"href":"https:\/\/www.europesays.com\/de\/wp-json\/wp\/v2\/types\/post"}],"author":[{"embeddable":true,"href":"https:\/\/www.europesays.com\/de\/wp-json\/wp\/v2\/users\/2"}],"replies":[{"embeddable":true,"href":"https:\/\/www.europesays.com\/de\/wp-json\/wp\/v2\/comments?post=572144"}],"version-history":[{"count":0,"href":"https:\/\/www.europesays.com\/de\/wp-json\/wp\/v2\/posts\/572144\/revisions"}],"wp:featuredmedia":[{"embeddable":true,"href":"https:\/\/www.europesays.com\/de\/wp-json\/wp\/v2\/media\/572145"}],"wp:attachment":[{"href":"https:\/\/www.europesays.com\/de\/wp-json\/wp\/v2\/media?parent=572144"}],"wp:term":[{"taxonomy":"category","embeddable":true,"href":"https:\/\/www.europesays.com\/de\/wp-json\/wp\/v2\/categories?post=572144"},{"taxonomy":"post_tag","embeddable":true,"href":"https:\/\/www.europesays.com\/de\/wp-json\/wp\/v2\/tags?post=572144"}],"curies":[{"name":"wp","href":"https:\/\/api.w.org\/{rel}","templated":true}]}}