{"id":572180,"date":"2025-11-13T10:28:14","date_gmt":"2025-11-13T10:28:14","guid":{"rendered":"https:\/\/www.europesays.com\/de\/572180\/"},"modified":"2025-11-13T10:28:14","modified_gmt":"2025-11-13T10:28:14","slug":"ideenwettbewerb-campusideen-von-ai-reportinghilfen-bis-zu-weltall-staubsaugern","status":"publish","type":"post","link":"https:\/\/www.europesays.com\/de\/572180\/","title":{"rendered":"Ideenwettbewerb CAMPUSiDEEN: Von AI-Reportinghilfen bis zu Weltall-Staubsaugern"},"content":{"rendered":"<p class=\"date\">13.11.2025 \u2013 11:20<\/p>\n<p class=\"customer\">\n                        <a class=\"story-customer\" title=\"weiter zum newsroom von Universit\u00e4t Bremen\" href=\"https:\/\/www.presseportal.de\/nr\/100150\" target=\"_blank\" rel=\"noopener\">Universit\u00e4t Bremen<\/a>\n                    <\/p>\n<p><a class=\"glightbox event-trigger\" href=\"https:\/\/cache.pressmailing.net\/thumbnail\/story_hires\/cef1172e-d36b-4cb8-8e76-494e1ad53325\/CAMPUSiDEEN%20Preisver~rsit%C3%A4t%20Bremen_6.jpg.jpg\" data-description=\"Innovativ und wirtschaftlich durchdacht waren die Startup-Ideen und -Konzepte der Gewinner:innen des CAMPUSiDEEN-Wettbewerbs. Sie wurden als die besten aus \u00fcber 100 Einreichungen gew\u00fcrdigt. Bild: Universit\u00e4t Bremen \/ Matej Meza\" data-category=\"medialightbox\" data-action=\"click\" data-label=\"single\" data-value=\"6915b0f2270000fd2cf7e3f9\" target=\"_blank\" rel=\"noopener\"><img decoding=\"async\" height=\"540\" with=\"720\" src=\"https:\/\/www.europesays.com\/de\/wp-content\/uploads\/2025\/11\/ideenwettbewerb-campusideen-von-ai-reportinghilfen-bis-zu-weltall-staubsaugern.jpeg\"   alt=\"Ideenwettbewerb CAMPUSiDEEN: Von AI-Reportinghilfen bis zu Weltall-Staubsaugern\" class=\"single\"\/><\/a><\/p>\n<p><b>Ideenwettbewerb CAMPUSiDEEN: Von AI-Reportinghilfen bis zu Weltall-Staubsaugern<\/b><\/p>\n<p><b>Auch in diesem Jahr hat der Wettbewerb CAMPUSiDEEN die besten Ideen der Bremer Hochschullandschaft ausgezeichnet. Eine aus Gr\u00fcndungsszene und Wirtschaft besetzte Jury pr\u00e4mierte jeweils eine:n Gewinner:in in den Kategorien \u201eGesch\u00e4ftskonzepte\u201c, \u201eImpact Award\u201c und \u201ePublikumspreis und zwei Gewinner:innen in der Kategorie \u201eGesch\u00e4ftsideen\u201c.<\/b><\/p>\n<p>Innovativ und wirtschaftlich durchdacht waren die Startup-Ideen und -Konzepte der Gewinner:innen des CAMPUSiDEEN-Wettbewerbs. Sie wurden als die besten aus \u00fcber 100 Einreichungen gew\u00fcrdigt. \u201eWir freuen uns sehr \u00fcber die zahlreichen und vielf\u00e4ltigen Bewerbungen aus allen Bremer Hochschulen. Das zeigt eindrucksvoll, wie viel unternehmerisches Potenzial in der Bremer Hochschullandschaft steckt und wie gro\u00df das Interesse daran ist, innovative Ideen in die Praxis umzusetzen\u201c, sagt Meike Goos, Gesch\u00e4ftsf\u00fchrerin von BRIDGE \u2013 Gr\u00fcnden aus Bremer Hochschulen.<\/p>\n<p><b>Kategorie \u201eGesch\u00e4ftskonzepte\u201c<\/b><\/p>\n<p>Den Preis in der Kategorie \u201eGesch\u00e4ftskonzepte\u201c von 7.500 Euro gewann das Team M-Shunt mit Sven Clausner, Hauke Lutzen und Vladimir Polezhaev (Universit\u00e4t Bremen). Das M-Shunt-Team hebt die Strommesstechnik auf das Niveau moderner Leistungselektronik: Ein patentierter Sensor erfasst extrem schnelle Schaltvorg\u00e4nge pr\u00e4zise und st\u00f6rungsfrei \u2013 f\u00fcr den Einsatz in Netzen, Umrichtern und Testst\u00e4nden zur Qualit\u00e4tssicherung, Predictive Maintenance und fr\u00fchzeitigen Fehlererkennung im Produktionsprozess.<\/p>\n<p><b>Kategorie \u201eGesch\u00e4ftsideen\u201c<\/b><\/p>\n<p>In der Rubrik \u201eGesch\u00e4ftsideen\u201c ging der erste Platz mit einem Preis im Wert von 2.500 Euro an Marta Backowska, Maik Bleckmann und Oskar Glenz (Hochschule Bremen). Die Faserwickelmaschine Fiber Motion erm\u00f6glicht kosteng\u00fcnstige und flexible Herstellung komplexer Kohlefaserbauteile mit nur zwei Achsen. Sie richtet sich an Entwicklungsabteilungen und Forschungseinrichtungen und spart Gewicht, Kosten sowie Entwicklungszeit durch den Einsatz 3D-gedruckter Formen. <\/p>\n<p>Den mit 1.500 Euro dotierten zweiten Platz gewann Thomas Schweizer (Universit\u00e4t Bremen) mit ApisKeep. Ein neu entwickeltes Ger\u00e4t zur Varroamilben-Bek\u00e4mpfung erm\u00f6glicht eine pr\u00e4zise, automatisierte Ameisens\u00e4urebehandlung von Bienenv\u00f6lkern &#8211; dank Echtzeit-Sensorik und geregelter Verdunstung deutlich wirksamer, sicherer und anwenderfreundlicher als herk\u00f6mmliche Verfahren.<\/p>\n<p><b>Kategorie \u201eImpact Award\u201c<\/b><\/p>\n<p>Der Preis in der Kategorie \u201eImpact Award\u201c in der H\u00f6he von 2.500 Euro ging an das Team Neurodiversity-AI \u2013 Timm B\u00f6lke und Bianca Holtschke (Hochschule f\u00fcr K\u00fcnste Bremen). Neurodiversity AI ist eine individualisierte KI\u2011Assistentin f\u00fcr neurodivergente Erwachsene \u2013 von Autist:innen entwickelt. Als \u00dcbersetzerin macht Neurodiversity AI Subtexte sichtbar, bereitet Termine vor und strukturiert To\u2011dos in handhabbare Schritte. So entstehen Freir\u00e4ume f\u00fcr authentische Teilhabe in Arbeit, Studium und Alltag.<\/p>\n<p><b>Kategorie \u201ePublikumspreis\u201c<\/b><\/p>\n<p>Den \u201ePublikumspreis\u201c in H\u00f6he von 500 Euro gewann das Team Electra Sweep. Arathy Rajendran Nair und Divin Raj Sundararaj (Hochschule Bremen) nutzen innovative elektrostatische Technologie, um kleinen, schwer erfassbaren Weltraumschrott aktiv zu entfernen und Satelliten kosteneffizient sowie nachhaltig vor Kollisionen zu sch\u00fctzen.<\/p>\n<p>Die Preisverleihung fand am 12. November in der Kassenhalle am Domshof statt. Es wurden Preise im Gesamtwert von 14.500 Euro vergeben. Pr\u00e4miert wurden die ersten zwei Pl\u00e4tze in der Kategorie \u201eGesch\u00e4ftsideen\u201c und jeweils der erste Platz in den Kategorien \u201eGesch\u00e4ftskonzepte\u201c, \u201eImpact Award\u201c und \u201ePublikumspreis\u201c. Der Impact Award wurde 2025 erstmals an ein Gr\u00fcndungsprojekt vergeben, das innovative L\u00f6sungen f\u00fcr gesellschaftliche Herausforderungen entwickelt. <\/p>\n<p><b>Zu CAMPUSiDEEN 2025<\/b><\/p>\n<p>CAMPUSiDEEN geh\u00f6rt zu den erfolgreichsten Ideenwettbewerben an deutschen Hochschulen und verzeichnete in 22 Jahren \u00fcber 900 eingereichte Gr\u00fcndungsideen. 2025 wird CAMPUSiDEEN von folgenden Partner:innen unterst\u00fctzt: AOK Bremen\/Bremerhaven, Bremer Aufbau-Bank, Handelskammer Bremen \u2013 IHK f\u00fcr Bremen und Bremerhaven, Nachtwey IP, Sparkasse Bremen und Stiftung Bremer Wertpapierb\u00f6rse.<\/p>\n<p><b>\u00dcber BRIDGE<\/b><\/p>\n<p>BRIDGE ist die zentrale Anlaufstelle f\u00fcr Studierende, Alumni und Angeh\u00f6rige der Bremer Hochschulen zum Thema Existenzgr\u00fcndung. Tr\u00e4ger des Hochschulnetzwerks BRIDGE sind die Universit\u00e4t Bremen (Gesch\u00e4ftsstelle im Referat UniTransfer), die Hochschule Bremen, die Hochschule Bremerhaven, die Hochschule f\u00fcr K\u00fcnste, die Constructor University und die Bremer Aufbau-Bank GmbH. BRIDGE hat sich zum Ziel gesetzt, das Gr\u00fcndungsklima an allen beteiligten Hochschulen zu verbessern und aussichtsreiche Ideen mit Gr\u00fcndungspotenzial fr\u00fchzeitig zu f\u00f6rdern.<\/p>\n<p><b>Weitere Informationen:<\/b><\/p>\n<p> <a target=\"_blank\" class=\"uri-ext outbound\" rel=\"noopener\" href=\"http:\/\/www.bridge-online.de\/campusideen\">www.bridge-online.de\/campusideen<\/a><\/p>\n<p> <a target=\"_blank\" class=\"uri-ext outbound\" rel=\"noopener\" href=\"https:\/\/www.uni-bremen.de\/kooperationen\/existenzgruendung\">https:\/\/www.uni-bremen.de\/kooperationen\/existenzgruendung<\/a><\/p>\n<p><b>Fragen beantworten:<\/b><\/p>\n<p>Meike Goos &amp; Fabian Oestreicher<\/p>\n<p>BRIDGE Gr\u00fcndungsunterst\u00fctzung<\/p>\n<p>UniTransfer<\/p>\n<p>Universit\u00e4t Bremen<\/p>\n<p>Telefon: +49 421 218 60 346<\/p>\n<p>E-Mail:  <a target=\"_blank\" class=\"uri-ext outbound\" rel=\"noopener\" href=\"https:\/\/www.presseportal.de\/pm\/100150\/mailto:meike.goos@vw.uni-bremen.de\">meike.goos@vw.uni-bremen.de<\/a><\/p>\n<p> <a target=\"_blank\" class=\"uri-ext outbound\" rel=\"noopener\" href=\"https:\/\/www.presseportal.de\/pm\/100150\/mailto:fabian.oestreicher@vw.uni-bremen.de\">fabian.oestreicher@vw.uni-bremen.de<\/a><\/p>\n<p>Universit\u00e4t Bremen<br \/>\nHochschulkommunikation und -marketing<br \/>\nTelefon: +49 421 218-60150<br \/>\nE-Mail:  <a target=\"_blank\" class=\"uri-ext outbound\" rel=\"noopener\" href=\"#\">presse@uni-bremen.de<\/a><\/p>\n<p><b>\u00dcber die Universit\u00e4t Bremen:<\/b><br \/>\nLeistungsstark, reformbereit und kooperativ \u2013 das ist die Universit\u00e4t Bremen. Gesellschaftliche Verantwortung ist ihr Leitprinzip seit ihrer Gr\u00fcndung 1971. Sie steht f\u00fcr die weltweit notwendigen sozialen und \u00f6kologischen Ver\u00e4nderungen ein, f\u00fcr Demokratie, Vielfalt und Gerechtigkeit. In Forschung, Lehre, Verwaltung und Technik sind der Universit\u00e4t Bremen die UN-Nachhaltigkeitsziele und Klimagerechtigkeit ein besonderes Anliegen. Mit ihrem breiten F\u00e4cherspektrum von rund 100 Studieng\u00e4ngen verbindet sie au\u00dfergew\u00f6hnliche Leistungsst\u00e4rke und gro\u00dfes Innovationspotential mit ausgepr\u00e4gter Interdisziplinarit\u00e4t. Sie steht nachdr\u00fccklich f\u00fcr den Ansatz des Forschenden Lernens und Studierens. Als eine ambitionierte europ\u00e4ische Forschungsuniversit\u00e4t pflegt die Universit\u00e4t Bremen enge Kooperationen mit Universit\u00e4ten und Forschungseinrichtungen weltweit. In der Region ist sie Teil der U Bremen Research Alliance und Transferpartnerin f\u00fcr viele Akteure. Als Teil der Europ\u00e4ischen Universit\u00e4tsallianz YUFE &#8211; Young Universities for the Future of Europe leisten die 23.000 Menschen der Universit\u00e4t Bremen einen Beitrag f\u00fcr die Weiterentwicklung der Gesellschaft und gestalten aktiv wissenschaftliche Kooperationen weltweit.<\/p>\n","protected":false},"excerpt":{"rendered":"13.11.2025 \u2013 11:20 Universit\u00e4t Bremen Ideenwettbewerb CAMPUSiDEEN: Von AI-Reportinghilfen bis zu Weltall-Staubsaugern Auch in diesem Jahr hat der&hellip;\n","protected":false},"author":2,"featured_media":572181,"comment_status":"","ping_status":"","sticky":false,"template":"","format":"standard","meta":{"footnotes":""},"categories":[1824],"tags":[3477,2420,3364,29,30,178,180,179,181],"class_list":{"0":"post-572180","1":"post","2":"type-post","3":"status-publish","4":"format-standard","5":"has-post-thumbnail","7":"category-bremen","8":"tag-bild","9":"tag-bremen","10":"tag-de","11":"tag-deutschland","12":"tag-germany","13":"tag-presse","14":"tag-pressemeldung","15":"tag-pressemitteilung","16":"tag-pressemitteilungen"},"share_on_mastodon":{"url":"https:\/\/pubeurope.com\/@de\/115541921456491225","error":""},"_links":{"self":[{"href":"https:\/\/www.europesays.com\/de\/wp-json\/wp\/v2\/posts\/572180","targetHints":{"allow":["GET"]}}],"collection":[{"href":"https:\/\/www.europesays.com\/de\/wp-json\/wp\/v2\/posts"}],"about":[{"href":"https:\/\/www.europesays.com\/de\/wp-json\/wp\/v2\/types\/post"}],"author":[{"embeddable":true,"href":"https:\/\/www.europesays.com\/de\/wp-json\/wp\/v2\/users\/2"}],"replies":[{"embeddable":true,"href":"https:\/\/www.europesays.com\/de\/wp-json\/wp\/v2\/comments?post=572180"}],"version-history":[{"count":0,"href":"https:\/\/www.europesays.com\/de\/wp-json\/wp\/v2\/posts\/572180\/revisions"}],"wp:featuredmedia":[{"embeddable":true,"href":"https:\/\/www.europesays.com\/de\/wp-json\/wp\/v2\/media\/572181"}],"wp:attachment":[{"href":"https:\/\/www.europesays.com\/de\/wp-json\/wp\/v2\/media?parent=572180"}],"wp:term":[{"taxonomy":"category","embeddable":true,"href":"https:\/\/www.europesays.com\/de\/wp-json\/wp\/v2\/categories?post=572180"},{"taxonomy":"post_tag","embeddable":true,"href":"https:\/\/www.europesays.com\/de\/wp-json\/wp\/v2\/tags?post=572180"}],"curies":[{"name":"wp","href":"https:\/\/api.w.org\/{rel}","templated":true}]}}