{"id":572342,"date":"2025-11-13T11:54:18","date_gmt":"2025-11-13T11:54:18","guid":{"rendered":"https:\/\/www.europesays.com\/de\/572342\/"},"modified":"2025-11-13T11:54:18","modified_gmt":"2025-11-13T11:54:18","slug":"borussia-dortmundtop-klub-mit-adeyemi-im-austausch-fussball","status":"publish","type":"post","link":"https:\/\/www.europesays.com\/de\/572342\/","title":{"rendered":"Borussia Dortmund:Top-Klub mit Adeyemi im Austausch | Fu\u00dfball"},"content":{"rendered":"<p><b>Die Stimmung bei Borussia Dortmund k\u00f6nnte besser sein. Im Blickpunkt beim Revierklub immer wieder auch: Karim Adeyemi (23)! <\/b><\/p>\n<p>Auff\u00e4llig: In den vergangenen Wochen war deutlich zu sp\u00fcren, dass die Stimmung zwischen Trainer und Spieler gereizt ist. Adeyemi zeigt Frust, wirkt unzufrieden. Auch beim Last-Minute-Debakel in Hamburg (1:1) br\u00fcllte Kovac Adeyemi noch vor dessen Einwechslung in der 66. Minute (f\u00fcr Beier) an der Seitenlinie an.<\/p>\n<p><img decoding=\"async\" width=\"992\" height=\"558\" alt=\"Niko Kovac (54) durchlebt aktuell erstmals kompliziertere Zeiten beim BVB\" src=\"https:\/\/www.europesays.com\/de\/wp-content\/uploads\/2025\/11\/cbc03bc43f843c89276d2ca6801c58dc,f51dbe6b\"   class=\"landscape\" loading=\"lazy\"\/><\/p>\n<p class=\"fig__caption__text\">Niko Kovac (54) durchlebt aktuell erstmals kompliziertere Zeiten beim BVB<\/p>\n<p>Foto: WITTERS<\/p>\n<p><b>Auch sportlich l\u00e4uft es nicht rund. Seit dem Spiel gegen Mainz im September konnte Adeyemi in der Bundesliga keinen Scorer mehr sammeln. Kein Tor, kein Assist. Zu wenig f\u00fcr einen Spieler mit seinem K\u00f6nnen.<\/b><\/p>\n<p>Intern sorgt die Personalie Adeyemi beim BVB inzwischen f\u00fcr Diskussionen. Sein Vertrag l\u00e4uft noch bis 2027, doch der Offensiv-Mann will nur mit einer Ausstiegsklausel langfristig verl\u00e4ngern. Die Verantwortlichen stehen dieser Forderung kritisch gegen\u00fcber, grunds\u00e4tzlich vermeiden sie solche Klauseln. Allerdings w\u00fcrde man es im Fall Adeyemi offenbar nicht vollst\u00e4ndig ausschlie\u00dfen. Aus dem BVB-Umfeld ist zu h\u00f6ren, dass eine m\u00f6gliche Ausstiegsklausel bei mindestens 80 Millionen Euro liegen m\u00fcsste.<\/p>\n<p>Lustige Aktion im Hintergrund: Gegner ve***scht Ex-Bundesliga-Star<a class=\"anchor video-teaser__anchor\" href=\"https:\/\/sportbild.bild.de\/fussball\/1-bundesliga\/viral-daneben-gegner-ve-scht-wout-weghorst-69149edd71dafa6e0afd1b76\" rel=\"nofollow noopener\" target=\"_blank\"><img decoding=\"async\" width=\"992\" height=\"558\" alt=\"Viral Daneben: Gegner ve***scht Wout Weghorst\" src=\"https:\/\/www.europesays.com\/de\/wp-content\/uploads\/2025\/11\/5caa141d9a8bf9e081df23b5bcee7384,ef3b855a\"   class=\"landscape teaser__image\" loading=\"lazy\"\/><\/a><\/p>\n<p>Quelle: BILD \/ Sportdigital12.11.2025<\/p>\n<p><b>Und nun mischt sich auch noch ein internationaler Top-Klub ein. Nach BILD-Informationen hat es einen Austausch zwischen Manchester United und Adeyemis neuem Berater Jorge Mendes gegeben. Der portugiesische Top-Agent gilt als einer der einflussreichsten Akteure im Weltfu\u00dfball und pflegt beste Kontakte nach Manchester.<\/b><\/p>\n<p>Mendes arbeitet bereits mit Spielern wie Leny Yoro und Manuel Ugarte zusammen. Dass er nun auch Adeyemi vertritt, verleiht der Situation zus\u00e4tzliche Brisanz.<\/p>\n<p><b>Beim BVB ist man sich bewusst: Sollte Manchester United ernsthaftes Interesse zeigen, k\u00f6nnte Adeyemis Zukunft in Dortmund schneller zum Thema werden, als vielen lieb ist\u00a0\u2026<\/b><\/p>\n","protected":false},"excerpt":{"rendered":"Die Stimmung bei Borussia Dortmund k\u00f6nnte besser sein. Im Blickpunkt beim Revierklub immer wieder auch: Karim Adeyemi (23)!&hellip;\n","protected":false},"author":2,"featured_media":572343,"comment_status":"","ping_status":"","sticky":false,"template":"","format":"standard","meta":{"footnotes":""},"categories":[1833],"tags":[104891,888,3364,29,217,538,347,30,9662,1209,803,45],"class_list":{"0":"post-572342","1":"post","2":"type-post","3":"status-publish","4":"format-standard","5":"has-post-thumbnail","7":"category-dortmund","8":"tag-adeyemi-karim","9":"tag-borussia-dortmund","10":"tag-de","11":"tag-deutschland","12":"tag-dortmund","13":"tag-erste-bundesliga","14":"tag-fussball","15":"tag-germany","16":"tag-no-sport-app","17":"tag-nordrhein-westfalen","18":"tag-spielertransfer","19":"tag-texttospeech"},"share_on_mastodon":{"url":"https:\/\/pubeurope.com\/@de\/115542259863882958","error":""},"_links":{"self":[{"href":"https:\/\/www.europesays.com\/de\/wp-json\/wp\/v2\/posts\/572342","targetHints":{"allow":["GET"]}}],"collection":[{"href":"https:\/\/www.europesays.com\/de\/wp-json\/wp\/v2\/posts"}],"about":[{"href":"https:\/\/www.europesays.com\/de\/wp-json\/wp\/v2\/types\/post"}],"author":[{"embeddable":true,"href":"https:\/\/www.europesays.com\/de\/wp-json\/wp\/v2\/users\/2"}],"replies":[{"embeddable":true,"href":"https:\/\/www.europesays.com\/de\/wp-json\/wp\/v2\/comments?post=572342"}],"version-history":[{"count":0,"href":"https:\/\/www.europesays.com\/de\/wp-json\/wp\/v2\/posts\/572342\/revisions"}],"wp:featuredmedia":[{"embeddable":true,"href":"https:\/\/www.europesays.com\/de\/wp-json\/wp\/v2\/media\/572343"}],"wp:attachment":[{"href":"https:\/\/www.europesays.com\/de\/wp-json\/wp\/v2\/media?parent=572342"}],"wp:term":[{"taxonomy":"category","embeddable":true,"href":"https:\/\/www.europesays.com\/de\/wp-json\/wp\/v2\/categories?post=572342"},{"taxonomy":"post_tag","embeddable":true,"href":"https:\/\/www.europesays.com\/de\/wp-json\/wp\/v2\/tags?post=572342"}],"curies":[{"name":"wp","href":"https:\/\/api.w.org\/{rel}","templated":true}]}}