{"id":572417,"date":"2025-11-13T12:33:17","date_gmt":"2025-11-13T12:33:17","guid":{"rendered":"https:\/\/www.europesays.com\/de\/572417\/"},"modified":"2025-11-13T12:33:17","modified_gmt":"2025-11-13T12:33:17","slug":"volkswagen-zieht-gespraeche-ueber-neues-entgeltsystem-vor","status":"publish","type":"post","link":"https:\/\/www.europesays.com\/de\/572417\/","title":{"rendered":"Volkswagen zieht Gespr\u00e4che \u00fcber neues Entgeltsystem vor"},"content":{"rendered":"<p>\n            Stand: 13.11.2025 12:38 Uhr<\/p>\n<p>                    <a href=\"https:\/\/www.europesays.com\/de\/wp-content\/uploads\/2025\/11\/vw4184.webp\" class=\"zoomimage\" title=\"Bild vergr\u00f6\u00dfern\"><\/p>\n<p>        <img decoding=\"async\" src=\"https:\/\/www.europesays.com\/de\/wp-content\/uploads\/2025\/11\/vw4184.webp\" alt=\"Das Logo des VW-Konzerns leuchtet am Verwaltungshochhaus.\" title=\"Der Konzern will mit dem neuen System Kosten senken und Prozesse vereinfachen. (Themenbild) | picture alliance \/ Swen Pf\u00f6rtner\/dpa\" class=\"responsive\" loading=\"lazy\"\/><\/p>\n<p>                    <\/a><\/p>\n<p>                    Der Konzern will mit dem neuen System Kosten senken und Prozesse vereinfachen. (Themenbild)<\/p>\n<p class=\"\">Um die Personalkosten zu senken, zieht Volkswagen die Verhandlungen \u00fcber ein neues Entgeltsystem vor. Unternehmen und Tarifpartner starteten nach eigenen Angaben bereits am Mittwoch &#8211; rund sieben Wochen fr\u00fcher als geplant. Das bisherige System gilt als zu komplex: Rund 6.000 Arbeitssysteme und 167 T\u00e4tigkeitsbeschreibungen sollen vereinfacht werden. Laut Personalvorstand Arne Meiswinkel soll das Gesamtvolumen der Verg\u00fctung um sechs Prozent sinken. Gesamtbetriebsratschefin Daniela Cavallo betonte, Besch\u00e4ftigte w\u00fcrden dank einer &#8222;Besitzstandslogik&#8220; keine finanziellen Nachteile haben. Das neue System soll zum 1. Januar 2027 in Kraft treten und betrifft rund 100.000 Mitarbeitende an den Standorten Braunschweig, Emden, Hannover, Kassel, Salzgitter und Wolfsburg. Die Gespr\u00e4che sind Teil des VW-Sparkurses, der bis 2030 Einsparungen von 1,5 Milliarden Euro und den Abbau von 35.000 Stellen vorsieht.<\/p>\n<p>        <img decoding=\"async\" src=\"https:\/\/www.europesays.com\/de\/wp-content\/uploads\/2025\/10\/regionalbs100.webp\" alt=\"Der Braunschweiger Dom von oben.\" title=\"Der Braunschweiger Dom von oben. | NDR, Julius Matuschik\" class=\"responsive\" loading=\"lazy\"\/><\/p>\n<p>\n                                    8 Min<\/p>\n<p>Was in Ihrer Region wichtig ist, h\u00f6ren Sie in dem Mitschnitt der 15.00 Uhr Regional-Nachrichten auf NDR 1 Niedersachsen.<\/p>\n<p>        <img decoding=\"async\" src=\"https:\/\/www.europesays.com\/de\/wp-content\/uploads\/2025\/11\/vw4480.webp\" alt=\"Ein Kfz-Meister l\u00e4dt im Rahmen der R\u00fcckrufaktion zum Abgasskandal ein Software-Update auf einen Volkswagen Golf mit einem Dieselmotor in einer Volkswagen-Werkstatt.\" title=\"Ein Kfz-Meister l\u00e4dt im Rahmen der R\u00fcckrufaktion zum Abgasskandal ein Software-Update auf einen Volkswagen Golf mit einem Dieselmotor in einer Volkswagen-Werkstatt. | picture alliance\/dpa, Julian Stratenschulte\" class=\"responsive\" loading=\"lazy\"\/><\/p>\n<p>Einer der Angeklagten befindet sich laut Richter in einer Klinik. Ob er heute noch ins Landgericht Braunschweig kommt, ist unklar.<\/p>\n<p>        <img decoding=\"async\" src=\"https:\/\/www.europesays.com\/de\/wp-content\/uploads\/2025\/11\/volkswagen2294.webp\" alt=\"Ein VW Transporter T7 durchl\u00e4uft die Montage im Werk von Volkswagen Nutzfahrzeuge.\" title=\"Ein VW Transporter T7 durchl\u00e4uft die Montage im Werk von Volkswagen Nutzfahrzeuge. | picture alliance\/dpa | Julian Stratenschulte, Julian Stratenschulte\" class=\"responsive\" loading=\"lazy\"\/><\/p>\n<p>Spitzenreiter der gr\u00f6\u00dften Konzerne bleibt VW &#8211; vor Continental und TUI. Das geht aus einer Studie der Nord\/LB f\u00fcr 2024 hervor.<\/p>\n<p>        <img decoding=\"async\" src=\"https:\/\/www.europesays.com\/de\/wp-content\/uploads\/2025\/11\/vw6588.webp\" alt=\"Dunkle Wolken ziehen \u00fcber das Markenhochhaus auf dem Gel\u00e4nde vom VW Werk Wolfsburg hinweg.\" title=\"Dunkle Wolken ziehen \u00fcber das Markenhochhaus auf dem Gel\u00e4nde vom VW Werk Wolfsburg hinweg. | picture alliance\/dpa, Julian Stratenschulte\" class=\"responsive\" loading=\"lazy\"\/><\/p>\n<p>W\u00e4hrend in Wolfsburg die Auftragsb\u00fccher voll sind, sind die Werke in Hannover, Emden und Osnabr\u00fcck nicht ausgelastet.<\/p>\n<p>        <img decoding=\"async\" src=\"https:\/\/www.europesays.com\/de\/wp-content\/uploads\/2025\/11\/porsche-338.webp\" alt=\"Das Markenlogo und der Schriftzug vom Automobilhersteller Porsche.\" title=\"Das Markenlogo und der Schriftzug vom Automobilhersteller Porsche. | picture alliance\/dpa | Matthias Balk\" class=\"responsive\" loading=\"lazy\"\/><\/p>\n<p>Leiters ist fr\u00fcherer McLaren-Chef. Blume stand als Chef des Wolfsburger Autobauers VW f\u00fcr seine Doppelrolle in der Kritik.<\/p>\n<p>Dieses Thema im Programm:<\/p>\n<p>                NDR 1 Niedersachsen | Aktuell | 12.11.2025 | 18:00 Uhr<\/p>\n<p>        Schlagw\u00f6rter zu diesem Artikel<\/p>\n<p>            <a href=\"https:\/\/www.ndr.de\/nachrichten\/niedersachsen\/VW-News-und-Hintergruende,vw1407.html\" target=\"_blank\" rel=\"noopener\">VW<\/a><\/p>\n","protected":false},"excerpt":{"rendered":"Stand: 13.11.2025 12:38 Uhr Der Konzern will mit dem neuen System Kosten senken und Prozesse vereinfachen. (Themenbild) Um&hellip;\n","protected":false},"author":2,"featured_media":572418,"comment_status":"","ping_status":"","sticky":false,"template":"","format":"standard","meta":{"footnotes":""},"categories":[1850],"tags":[590,6429,3364,29,137858,548,663,3934,30,13,14,15,1411,12,6168,373,137859,603,605],"class_list":{"0":"post-572417","1":"post","2":"type-post","3":"status-publish","4":"format-standard","5":"has-post-thumbnail","7":"category-braunschweig","8":"tag-aktuell","9":"tag-braunschweig","10":"tag-de","11":"tag-deutschland","12":"tag-entgeltsystem","13":"tag-eu","14":"tag-europa","15":"tag-europe","16":"tag-germany","17":"tag-headlines","18":"tag-nachrichten","19":"tag-news","20":"tag-niedersachsen","21":"tag-schlagzeilen","22":"tag-verhandlungen","23":"tag-volkswagen","24":"tag-vorgezogen","25":"tag-vw","26":"tag-wolfsburg"},"share_on_mastodon":{"url":"https:\/\/pubeurope.com\/@de\/115542413876989435","error":""},"_links":{"self":[{"href":"https:\/\/www.europesays.com\/de\/wp-json\/wp\/v2\/posts\/572417","targetHints":{"allow":["GET"]}}],"collection":[{"href":"https:\/\/www.europesays.com\/de\/wp-json\/wp\/v2\/posts"}],"about":[{"href":"https:\/\/www.europesays.com\/de\/wp-json\/wp\/v2\/types\/post"}],"author":[{"embeddable":true,"href":"https:\/\/www.europesays.com\/de\/wp-json\/wp\/v2\/users\/2"}],"replies":[{"embeddable":true,"href":"https:\/\/www.europesays.com\/de\/wp-json\/wp\/v2\/comments?post=572417"}],"version-history":[{"count":0,"href":"https:\/\/www.europesays.com\/de\/wp-json\/wp\/v2\/posts\/572417\/revisions"}],"wp:featuredmedia":[{"embeddable":true,"href":"https:\/\/www.europesays.com\/de\/wp-json\/wp\/v2\/media\/572418"}],"wp:attachment":[{"href":"https:\/\/www.europesays.com\/de\/wp-json\/wp\/v2\/media?parent=572417"}],"wp:term":[{"taxonomy":"category","embeddable":true,"href":"https:\/\/www.europesays.com\/de\/wp-json\/wp\/v2\/categories?post=572417"},{"taxonomy":"post_tag","embeddable":true,"href":"https:\/\/www.europesays.com\/de\/wp-json\/wp\/v2\/tags?post=572417"}],"curies":[{"name":"wp","href":"https:\/\/api.w.org\/{rel}","templated":true}]}}