{"id":572421,"date":"2025-11-13T12:35:13","date_gmt":"2025-11-13T12:35:13","guid":{"rendered":"https:\/\/www.europesays.com\/de\/572421\/"},"modified":"2025-11-13T12:35:13","modified_gmt":"2025-11-13T12:35:13","slug":"journalist-albrecht-von-lucke-referiert-in-der-vhs-gladbeck","status":"publish","type":"post","link":"https:\/\/www.europesays.com\/de\/572421\/","title":{"rendered":"Journalist Albrecht von Lucke referiert in der VHS Gladbeck"},"content":{"rendered":"<p><a title=\"Albrecht von Lucke\" href=\"https:\/\/neue-gladbecker-zeitung.de\/journalist-albrecht-von-lucke-referiert-in-der-vhs-gladbeck\/albrecht-von-lucke-fotostudio-charlottenburg_ergebnis\/\" target=\"_blank\" rel=\"noopener\"><img fetchpriority=\"high\" width=\"678\" height=\"381\" src=\"https:\/\/www.europesays.com\/de\/wp-content\/uploads\/2025\/11\/Albrecht-von-Lucke.-Fotostudio-Charlottenburg_ergebnis.webp.webp\" class=\"attachment-mh-magazine-content size-mh-magazine-content wp-post-image\" alt=\"Journalist Albrecht von Lucke in VHS Gladbeck\" title=\"Albrecht von Lucke\" loading=\"eager\" decoding=\"async\"\/><\/a><br \/>\nAlbrecht von Lucke. Foto: Fotostudio Charlottenburg<\/p>\n<p>Welche Herausforderungen und Chancen bringt die Zeitenwende 2.0?<\/p>\n<p><strong>Gladbeck \u2013 13.11.2025 \u2013 Albrecht von Lucke<\/strong> \u2013\u00a0Das Jahr 2025 ist gepr\u00e4gt von tiefgreifenden politischen und wirtschaftlichen Entwicklungen. Vom Westen her sind die Auswirkungen der Trump-Pr\u00e4sidentschaft deutlich sp\u00fcrbar, vom Osten agiert Putin weiter mit Krieg \u2013 und die Demokratie steht global unter Druck.<\/p>\n<p>W\u00e4hrend in Deutschland die Regierung Merz das schwierige Erbe der Ampel-Koalition angetreten hat, ringt Europa mit den geopolitischen Herausforderungen und auch der Klimawandel erfordert v\u00f6llig neue L\u00f6sungsans\u00e4tze.<\/p>\n<p>Die NGZ-News aus Gladbeck immer sofort auf das Handy?<br \/>Dann abonniere kostenlos den <a style=\"color: #ff0000;\" href=\"https:\/\/whatsapp.com\/channel\/0029VaAJZdH8F2pIH21PF72X\" target=\"_blank\" rel=\"noopener\">WhatsApp-Kanal<\/a><br \/>\nDie Gladbecker Zusammenfassung des Tages der NGZ?<br \/>Dann abonniere den kostenlosen <a href=\"https:\/\/neue-gladbecker-zeitung.de\/newsletter-2\/\" target=\"_blank\" rel=\"noopener\"><strong>Newsletter<\/strong><\/a><br \/>\nFolgen Sie uns auf Facebook: <strong><a style=\"color: #ff0000;\" href=\"https:\/\/www.facebook.com\/NeueGladbeckerZeitung\/\" target=\"_blank\" rel=\"noopener\">NeueGladbeckerZeitung<\/a><\/strong><\/p>\n<p>Und auch 2026 stehen wegweisende Entscheidungen an: Welche Weichen werden f\u00fcr die Zukunft der Demokratie in Deutschland gestellt, insbesondere mit Blick auf die f\u00fcnf Landtagswahlen und den Aufstieg der AfD? Wie wird Europa auf Putins anhaltenden Druck reagieren, und kann es sich sicherheitspolitisch von den USA emanzipieren? Kurzum: Welche Herausforderungen und Chancen bringt die Zeitenwende 2.0?<\/p>\n<p>Dazu spricht und diskutiert mit dem Publikum am <strong>Mittwoch, 26. November, 19.30 Uhr<\/strong>, Albrecht von Lucke im Lesecaf\u00e9 der Stadtb\u00fccherei, Friedrich-Ebert-Str. 8. Der Eintritt betr\u00e4gt 7 Euro. Sch\u00fclerInnen und Studierende zahlen 3,50 Euro. Weitere Erm\u00e4\u00dfigungen f\u00fcr InhaberInnen der Gladbeck-Card.<\/p>\n<p>Eintrittskarten gibt es im Haus der VHS oder per <strong>Tel. 02043 \/ 99-2415<\/strong> bzw. unter <strong><a style=\"color: #ff0000;\" href=\"http:\/\/www.vhsgladbeck\/ticketbestellung\" target=\"_blank\" rel=\"noopener\">www.vhsgladbeck\/ticketbestellung<\/a><\/strong>.<\/p>\n<p><a style=\"color: #ff0000;\" href=\"https:\/\/neue-gladbecker-zeitung.de\" target=\"_blank\" rel=\"noopener\">Zur Startseite<\/a><\/p>\n","protected":false},"excerpt":{"rendered":"Albrecht von Lucke. Foto: Fotostudio Charlottenburg Welche Herausforderungen und Chancen bringt die Zeitenwende 2.0? Gladbeck \u2013 13.11.2025 \u2013&hellip;\n","protected":false},"author":2,"featured_media":572422,"comment_status":"","ping_status":"","sticky":false,"template":"","format":"standard","meta":{"footnotes":""},"categories":[1848],"tags":[137866,3364,29,548,663,3934,3658,30,17275,13,3326,14,15,1209,12,23310],"class_list":{"0":"post-572421","1":"post","2":"type-post","3":"status-publish","4":"format-standard","5":"has-post-thumbnail","7":"category-gelsenkirchen","8":"tag-albrecht-von-lucke","9":"tag-de","10":"tag-deutschland","11":"tag-eu","12":"tag-europa","13":"tag-europe","14":"tag-gelsenkirchen","15":"tag-germany","16":"tag-gladbeck","17":"tag-headlines","18":"tag-journalist","19":"tag-nachrichten","20":"tag-news","21":"tag-nordrhein-westfalen","22":"tag-schlagzeilen","23":"tag-vhs"},"share_on_mastodon":{"url":"https:\/\/pubeurope.com\/@de\/115542421507940469","error":""},"_links":{"self":[{"href":"https:\/\/www.europesays.com\/de\/wp-json\/wp\/v2\/posts\/572421","targetHints":{"allow":["GET"]}}],"collection":[{"href":"https:\/\/www.europesays.com\/de\/wp-json\/wp\/v2\/posts"}],"about":[{"href":"https:\/\/www.europesays.com\/de\/wp-json\/wp\/v2\/types\/post"}],"author":[{"embeddable":true,"href":"https:\/\/www.europesays.com\/de\/wp-json\/wp\/v2\/users\/2"}],"replies":[{"embeddable":true,"href":"https:\/\/www.europesays.com\/de\/wp-json\/wp\/v2\/comments?post=572421"}],"version-history":[{"count":0,"href":"https:\/\/www.europesays.com\/de\/wp-json\/wp\/v2\/posts\/572421\/revisions"}],"wp:featuredmedia":[{"embeddable":true,"href":"https:\/\/www.europesays.com\/de\/wp-json\/wp\/v2\/media\/572422"}],"wp:attachment":[{"href":"https:\/\/www.europesays.com\/de\/wp-json\/wp\/v2\/media?parent=572421"}],"wp:term":[{"taxonomy":"category","embeddable":true,"href":"https:\/\/www.europesays.com\/de\/wp-json\/wp\/v2\/categories?post=572421"},{"taxonomy":"post_tag","embeddable":true,"href":"https:\/\/www.europesays.com\/de\/wp-json\/wp\/v2\/tags?post=572421"}],"curies":[{"name":"wp","href":"https:\/\/api.w.org\/{rel}","templated":true}]}}