{"id":572515,"date":"2025-11-13T13:29:18","date_gmt":"2025-11-13T13:29:18","guid":{"rendered":"https:\/\/www.europesays.com\/de\/572515\/"},"modified":"2025-11-13T13:29:18","modified_gmt":"2025-11-13T13:29:18","slug":"razzia-gegen-terrorunterstuetzer-zwei-objekte-in-muenchen-durchsucht","status":"publish","type":"post","link":"https:\/\/www.europesays.com\/de\/572515\/","title":{"rendered":"Razzia gegen &#8222;Terrorunterst\u00fctzer&#8220;: Zwei Objekte in M\u00fcnchen durchsucht"},"content":{"rendered":"<p>Im Rahmen eines Aktionstages gegen islamistische Propaganda haben Ermittler die Wohnungen von zw\u00f6lf mutma\u00dflichen &#8222;Terrorunterst\u00fctzern&#8220; in Bayern durchsucht, darunter auch zwei Objekte von zwei Beschuldigten in M\u00fcnchen.<\/p>\n<p>&#8222;Gegenstand der Ermittlungen sind dabei Straftaten insbesondere mit Bezug zur Terrororganisation&#8220;<a href=\"https:\/\/www.abendzeitung-muenchen.de\/organisation\/islamischer-staat\/\" target=\"_blank\" rel=\"noopener\">Islamischer Staat<\/a> (IS)&#8220;&#8220;, teilten das Bayerische Landeskriminalamt und die Generalstaatsanwaltschaft M\u00fcnchen gemeinsam mit. Die Razzia fand bei einer Frau und elf M\u00e4nnern im Alter zwischen 16 und 47 Jahren statt. Sie sind syrische, bulgarische, t\u00fcrkische, deutsche, serbische und kosovarische Staatsangeh\u00f6rige.<\/p>\n<p>Vorwurf der Volksverhetzung in sozialen Netzwerken<\/p>\n<p>Die Beschuldigten sollen sich vor allem in sozialen Netzwerken der Volksverhetzung und der Verwendung von Kennzeichen verfassungswidriger und terroristischer Organisationen sowie Verst\u00f6\u00dfen gegen das Vereinsgesetz schuldig gemacht haben. Mit ihren Taten sollen sie besonders den f\u00fcr seine Grausamkeit bekannten IS unterst\u00fctzt haben.\u00a0<\/p>\n<p>Laptops und Mobiltelefone beschlagnahmt<\/p>\n<p>Die Beschuldigten wurden von den Einsatzkr\u00e4ften vernommen. Dar\u00fcber hinaus beschlagnahmten die Ermittler bei der Aktion unter Federf\u00fchrung der<br \/>Generalstaatsanwaltschaft M\u00fcnchen und des Landeskriminalamtes potenzielle Beweismittel, darunter Mobiltelefone und<br \/>Laptops.<\/p>\n<p>Die Durchsuchungen fanden in elf Objekten in M\u00fcnchen, Niederbayern, Unterfranken, Mittelfranken und Oberfranken statt.<\/p>\n","protected":false},"excerpt":{"rendered":"Im Rahmen eines Aktionstages gegen islamistische Propaganda haben Ermittler die Wohnungen von zw\u00f6lf mutma\u00dflichen &#8222;Terrorunterst\u00fctzern&#8220; in Bayern durchsucht,&hellip;\n","protected":false},"author":2,"featured_media":572516,"comment_status":"","ping_status":"","sticky":false,"template":"","format":"standard","meta":{"footnotes":""},"categories":[1827],"tags":[772,29,30,21709,1268,121,1442,554,25904],"class_list":{"0":"post-572515","1":"post","2":"type-post","3":"status-publish","4":"format-standard","5":"has-post-thumbnail","7":"category-muenchen","8":"tag-bayern","9":"tag-deutschland","10":"tag-germany","11":"tag-is","12":"tag-muenchen","13":"tag-polizei","14":"tag-razzia","15":"tag-terrororganisation","16":"tag-unterstuetzer"},"share_on_mastodon":{"url":"https:\/\/pubeurope.com\/@de\/115542633012442113","error":""},"_links":{"self":[{"href":"https:\/\/www.europesays.com\/de\/wp-json\/wp\/v2\/posts\/572515","targetHints":{"allow":["GET"]}}],"collection":[{"href":"https:\/\/www.europesays.com\/de\/wp-json\/wp\/v2\/posts"}],"about":[{"href":"https:\/\/www.europesays.com\/de\/wp-json\/wp\/v2\/types\/post"}],"author":[{"embeddable":true,"href":"https:\/\/www.europesays.com\/de\/wp-json\/wp\/v2\/users\/2"}],"replies":[{"embeddable":true,"href":"https:\/\/www.europesays.com\/de\/wp-json\/wp\/v2\/comments?post=572515"}],"version-history":[{"count":0,"href":"https:\/\/www.europesays.com\/de\/wp-json\/wp\/v2\/posts\/572515\/revisions"}],"wp:featuredmedia":[{"embeddable":true,"href":"https:\/\/www.europesays.com\/de\/wp-json\/wp\/v2\/media\/572516"}],"wp:attachment":[{"href":"https:\/\/www.europesays.com\/de\/wp-json\/wp\/v2\/media?parent=572515"}],"wp:term":[{"taxonomy":"category","embeddable":true,"href":"https:\/\/www.europesays.com\/de\/wp-json\/wp\/v2\/categories?post=572515"},{"taxonomy":"post_tag","embeddable":true,"href":"https:\/\/www.europesays.com\/de\/wp-json\/wp\/v2\/tags?post=572515"}],"curies":[{"name":"wp","href":"https:\/\/api.w.org\/{rel}","templated":true}]}}