{"id":572517,"date":"2025-11-13T13:30:16","date_gmt":"2025-11-13T13:30:16","guid":{"rendered":"https:\/\/www.europesays.com\/de\/572517\/"},"modified":"2025-11-13T13:30:16","modified_gmt":"2025-11-13T13:30:16","slug":"muenchen-so-war-der-auftritt-von-bodo-wartke-im-circus-krone-eine-kritik-muenchen","status":"publish","type":"post","link":"https:\/\/www.europesays.com\/de\/572517\/","title":{"rendered":"M\u00fcnchen: So war der Auftritt von Bodo Wartke im Circus Krone &#8211; eine Kritik &#8211; M\u00fcnchen"},"content":{"rendered":"<p data-manual=\"paragraph\" data-schema-org-speakable=\"true\" class=\"css-1vw426e\">Mit deutschem Zungenbrecher-Rap weltber\u00fchmt werden? Das gelingt nur einer: Barbara, die eine Rhabarberbar besitzt\u00a0\u2013 und Bodo Wartke, der dar\u00fcber rappt. 2024 landete der Musikkabarett-Gro\u00dfmeister damit einen Hit und Millionen Klicks auf Tiktok.<\/p>\n<p data-manual=\"paragraph\" data-schema-org-speakable=\"true\" class=\"css-1eosz7k\">Den Reimschmied jedoch auf \u201eRhabarberbarbara\u201c zu reduzieren, w\u00e4re falsch. Das zeigt sich bei seinem Auftritt im ausverkauften <a href=\"https:\/\/www.sueddeutsche.de\/thema\/Circus_Krone\" target=\"_blank\" rel=\"noopener\">Circus Krone<\/a>, wo sich zwischen die altbew\u00e4hrten Bodo-Fans auch die Generation Z mischt. Zwar sorgt der ber\u00fchmte Zungenbrecher f\u00fcr Extra-Applaus, trotzdem beweist der 47-J\u00e4hrige, der aussieht, als k\u00f6nne er immer noch problemlos als 30-J\u00e4hriger durchgehen, warum er seit Jahrzehnten viel mehr ist, als ein viraler Rapper.<\/p>\n<p data-manual=\"paragraph\" data-schema-org-speakable=\"true\" class=\"css-1eosz7k\">In seinem siebten Klavierkabarettprogramm \u201eWunderpunkt\u201c verbindet Wartke\u00a0\u2013 gewohnt l\u00e4ssig mit fliederfarbenem Anzug und blauem Shirt\u00a0\u2013 pointiert Leichtigkeit mit politischem Tiefgang. Virtuoses Klavierspiel trifft auf Rhythm\u2019n\u2019Poetry mit\u00a0Caj\u00f3n, Wortwitz auf Gesellschaftskritik. So schlussfolgert Wartke in \u201eEin Tag ohne\u201c humorvoll, dass M\u00e4nner ohne Frauen weiter wie gewohnt zocken, trinken und pinkeln w\u00fcrden\u00a0\u2013 w\u00e4hrend Frauen sich sorgenfrei nach drau\u00dfen trauen k\u00f6nnten. Mal sitzt er am Steinway Fl\u00fcgel und spielt Beethoven oder singt \u00fcber einen Drucker im falschen K\u00f6rper, mal rappt er in einem atemberaubenden Tempo, von dem vermutlich jeder Deutschrapper nachts tr\u00e4umt.<\/p>\n<p data-manual=\"paragraph\" data-schema-org-speakable=\"true\" class=\"css-1eosz7k\">Apropos Rapper: Zwischen satirischer \u00dcberspitzung und feiner Selbstironie verwandelt Wartke Nina Chubas \u201eWildberry Lillet\u201c in ein politisches Statement und Konsumkritik \u2013 liebevoll umgedichtet zu \u201eIch bin bei der FDP\u201c. Auch Helene Fischers \u201eAtemlos\u201c muss dran glauben: bei Wartke wird daraus ein \u201eGangsta-Schlager\u201c, ein Genre, das er selbst erfunden hat. Zwischen Kinderwitzen und Zungenbrechern kippt der Ton ins Ernste, da w\u00fcrde Wartke \u201egern die Heiligen Schriften updaten\u201c oder er sorgt sich um den Zustand der Demokratie.<\/p>\n<p data-manual=\"paragraph\" data-schema-org-speakable=\"true\" class=\"css-1eosz7k\">Am Ende des Abends fehlt auch der hoffnungsvolle Blick nicht: Wie k\u00f6nnte die Welt aussehen, wenn viele wunde Punkte, wie Faschismus und Rassismus \u00fcberwunden w\u00e4ren? Daf\u00fcr dankt das Publikum nach zwei Zugaben stehend mit Applaus.<\/p>\n","protected":false},"excerpt":{"rendered":"Mit deutschem Zungenbrecher-Rap weltber\u00fchmt werden? Das gelingt nur einer: Barbara, die eine Rhabarberbar besitzt\u00a0\u2013 und Bodo Wartke, der&hellip;\n","protected":false},"author":2,"featured_media":572518,"comment_status":"","ping_status":"","sticky":false,"template":"","format":"standard","meta":{"footnotes":""},"categories":[1827],"tags":[772,14749,29,30,16860,68695,80,2392,1268,149],"class_list":{"0":"post-572517","1":"post","2":"type-post","3":"status-publish","4":"format-standard","5":"has-post-thumbnail","7":"category-muenchen","8":"tag-bayern","9":"tag-circus-krone","10":"tag-deutschland","11":"tag-germany","12":"tag-kabarett","13":"tag-kabarett-muenchen","14":"tag-kultur","15":"tag-kultur-in-muenchen","16":"tag-muenchen","17":"tag-sueddeutsche-zeitung"},"share_on_mastodon":{"url":"https:\/\/pubeurope.com\/@de\/115542637181548434","error":""},"_links":{"self":[{"href":"https:\/\/www.europesays.com\/de\/wp-json\/wp\/v2\/posts\/572517","targetHints":{"allow":["GET"]}}],"collection":[{"href":"https:\/\/www.europesays.com\/de\/wp-json\/wp\/v2\/posts"}],"about":[{"href":"https:\/\/www.europesays.com\/de\/wp-json\/wp\/v2\/types\/post"}],"author":[{"embeddable":true,"href":"https:\/\/www.europesays.com\/de\/wp-json\/wp\/v2\/users\/2"}],"replies":[{"embeddable":true,"href":"https:\/\/www.europesays.com\/de\/wp-json\/wp\/v2\/comments?post=572517"}],"version-history":[{"count":0,"href":"https:\/\/www.europesays.com\/de\/wp-json\/wp\/v2\/posts\/572517\/revisions"}],"wp:featuredmedia":[{"embeddable":true,"href":"https:\/\/www.europesays.com\/de\/wp-json\/wp\/v2\/media\/572518"}],"wp:attachment":[{"href":"https:\/\/www.europesays.com\/de\/wp-json\/wp\/v2\/media?parent=572517"}],"wp:term":[{"taxonomy":"category","embeddable":true,"href":"https:\/\/www.europesays.com\/de\/wp-json\/wp\/v2\/categories?post=572517"},{"taxonomy":"post_tag","embeddable":true,"href":"https:\/\/www.europesays.com\/de\/wp-json\/wp\/v2\/tags?post=572517"}],"curies":[{"name":"wp","href":"https:\/\/api.w.org\/{rel}","templated":true}]}}