{"id":572521,"date":"2025-11-13T13:32:17","date_gmt":"2025-11-13T13:32:17","guid":{"rendered":"https:\/\/www.europesays.com\/de\/572521\/"},"modified":"2025-11-13T13:32:17","modified_gmt":"2025-11-13T13:32:17","slug":"stadt-hamburg-ersteigert-werftgelaende-von-pella-sietas","status":"publish","type":"post","link":"https:\/\/www.europesays.com\/de\/572521\/","title":{"rendered":"Stadt Hamburg ersteigert Werftgel\u00e4nde von Pella Sietas"},"content":{"rendered":"<p>        <img decoding=\"async\" src=\"https:\/\/www.europesays.com\/de\/wp-content\/uploads\/2025\/11\/sietaswerft100.webp\" alt=\"Blick \u00fcber die Estem\u00fcndung auf die Pelle Sietas Werft in Hamburg Neuenfelde.\" title=\"Blick \u00fcber die Estem\u00fcndung auf die Pelle Sietas Werft in Hamburg Neuenfelde. | picture alliance\/dpa, Markus Scholz\" class=\"responsive\"\/><\/p>\n<p>AUDIO: Sietas-Gel\u00e4nde wird versteigert (1 Min)<\/p>\n<p>\n            Stand: 13.11.2025 14:27 Uhr<\/p>\n<p class=\"preface\">Das Gel\u00e4nde der ehemaligen Pella-Sietas-Werft in Hamburg-Neuenfelde hat einen neuen Eigent\u00fcmer. Die Stadt Hamburg hat bei der Zwangsversteigerung beim Amtsgericht Harbrug am Donnerstag den Zuschlag bekommen. <\/p>\n<p class=\"\">Rund 20 Millionen Euro nimmt die Stadt Hamburg f\u00fcr das Gel\u00e4nde der \u00e4ltesten Werft Deutschlands in die Hand. Der Wert des Gel\u00e4ndes wurde zuvor auf 25,9 Millionen Euro gesch\u00e4tzt.<\/p>\n<p>    Industrie, Hochwasserschutz, Fl\u00fcchtlingsunterk\u00fcnfte<\/p>\n<p class=\"\">Das Gel\u00e4nde soll nach den Pl\u00e4nen der Stadft gr\u00f6\u00dftenteils als Industriefl\u00e4che genutzt werden. Zudem will Hamburg die Fl\u00e4chen f\u00fcr den Hochwasserschutz und die Unterbringung von Gefl\u00fcchteten nutzen. Bereits jetzt stehen auf dem Gel\u00e4nde Wohncontainer. Diese sollen durch moderne Unterk\u00fcnfte ersetzt werden.<\/p>\n<p>    Denkmalgesch\u00fctzter Kran soll erhalten bleiben<\/p>\n<p class=\"\">Aktuell arbeiten noch 17 Menschen auf dem Werftgel\u00e4nde, die f\u00fcr eine Firma Turbinen in den Hallen einlagern. Wahrscheinlich k\u00f6nnen diese Firma und auch Airbus das Gel\u00e4nde nutzen. Mit dem Erwerb des Werftgel\u00e4ndes wird auch der dauerhafte Verbleib des denkmalgesch\u00fctzten Portalkrans Jucho am Neuenfelder F\u00e4hrdeich gesichert. Der zur Finanzbeh\u00f6rde geh\u00f6rende Landesbetrieb Immobilienmanagement und Grundverm\u00f6gen<strong> <\/strong>soll eine L\u00f6sungen f\u00fcr die Integration des Portalkrans in die Neubebauung erarbeiten.<\/p>\n<p>    Werft war rund 400 Jahre in Familienbesitz<\/p>\n<p class=\"\">Das Werftgel\u00e4nde in Neuenfelde an der Estem\u00fcndung umfasst rund 14 Hektar. Darauf stehen Hallen, die teilweise noch aus den 1930er-Jahren des vergangenen Jahrhunderts stammen. Die Werft war rund 400 Jahre im Familienbesitz, bevor sie 2011 zum ersten Mal Insolvenz anmelden musste. Den Zuschlag bekam anschlie\u00dfend ein Investor aus Russland, die Pella-Gruppe. Erhoffte Auftr\u00e4ge aus Russland selbst &#8211; wie etwa f\u00fcr Eisbrecher &#8211; kamen aber nicht zustande. 2021 folgte dann die erneute Insolvenz. Die Einrichtung der Werft ist inzwischen gr\u00f6\u00dftenteils versteigert und abtransportiert.<\/p>\n<p>        <img decoding=\"async\" src=\"https:\/\/www.europesays.com\/de\/wp-content\/uploads\/2025\/11\/pellasietas-100.webp\" alt=\"Eine Luftaufnahme der Hamburger Traditionswerft Pella Sietas.\" title=\"Eine Luftaufnahme der Hamburger Traditionswerft Pella Sietas. | Netbid\/dpa\" class=\"responsive\" loading=\"lazy\"\/><\/p>\n<p>Das Grundst\u00fcck der insolventen Schiffswerft Pella Sietas im Alten Land wird zwangsversteigert. Das Gel\u00e4nde an der Elbe steht seit vier Jahren leer.<\/p>\n<p>        <img decoding=\"async\" src=\"https:\/\/www.europesays.com\/de\/wp-content\/uploads\/2025\/11\/kran520.webp\" alt=\"Die Kr\u00e4ne der Sietas-Werft.\" title=\"Die Kr\u00e4ne der Sietas-Werft. | NDR Info, Screenshot\" class=\"responsive\" loading=\"lazy\"\/><\/p>\n<p>Die vier Kai-Kr\u00e4ne auf dem Gel\u00e4nde stehen nicht mehr unter Denkmalschutz. Und das erst wenige Tage nach ihrer Rettung.<\/p>\n<p>Dieses Thema im Programm:<\/p>\n<p>                NDR 90,3 | NDR 90,3 Aktuell | 13.11.2025 | 15:00 Uhr<\/p>\n","protected":false},"excerpt":{"rendered":"AUDIO: Sietas-Gel\u00e4nde wird versteigert (1 Min) Stand: 13.11.2025 14:27 Uhr Das Gel\u00e4nde der ehemaligen Pella-Sietas-Werft in Hamburg-Neuenfelde hat&hellip;\n","protected":false},"author":2,"featured_media":572522,"comment_status":"","ping_status":"","sticky":false,"template":"","format":"standard","meta":{"footnotes":""},"categories":[1826],"tags":[29,30,692,691,1551,111645,137916,307,19520,5226,8148,90008],"class_list":{"0":"post-572521","1":"post","2":"type-post","3":"status-publish","4":"format-standard","5":"has-post-thumbnail","7":"category-hamburg","8":"tag-deutschland","9":"tag-germany","10":"tag-hamburg","11":"tag-hh","12":"tag-insolvenz","13":"tag-neuenfelde","14":"tag-pella-sietas","15":"tag-russland","16":"tag-schiffbau","17":"tag-schifffahrt","18":"tag-werft","19":"tag-zwangsversteigert"},"share_on_mastodon":{"url":"https:\/\/pubeurope.com\/@de\/115542646101805488","error":""},"_links":{"self":[{"href":"https:\/\/www.europesays.com\/de\/wp-json\/wp\/v2\/posts\/572521","targetHints":{"allow":["GET"]}}],"collection":[{"href":"https:\/\/www.europesays.com\/de\/wp-json\/wp\/v2\/posts"}],"about":[{"href":"https:\/\/www.europesays.com\/de\/wp-json\/wp\/v2\/types\/post"}],"author":[{"embeddable":true,"href":"https:\/\/www.europesays.com\/de\/wp-json\/wp\/v2\/users\/2"}],"replies":[{"embeddable":true,"href":"https:\/\/www.europesays.com\/de\/wp-json\/wp\/v2\/comments?post=572521"}],"version-history":[{"count":0,"href":"https:\/\/www.europesays.com\/de\/wp-json\/wp\/v2\/posts\/572521\/revisions"}],"wp:featuredmedia":[{"embeddable":true,"href":"https:\/\/www.europesays.com\/de\/wp-json\/wp\/v2\/media\/572522"}],"wp:attachment":[{"href":"https:\/\/www.europesays.com\/de\/wp-json\/wp\/v2\/media?parent=572521"}],"wp:term":[{"taxonomy":"category","embeddable":true,"href":"https:\/\/www.europesays.com\/de\/wp-json\/wp\/v2\/categories?post=572521"},{"taxonomy":"post_tag","embeddable":true,"href":"https:\/\/www.europesays.com\/de\/wp-json\/wp\/v2\/tags?post=572521"}],"curies":[{"name":"wp","href":"https:\/\/api.w.org\/{rel}","templated":true}]}}