{"id":572551,"date":"2025-11-13T13:49:13","date_gmt":"2025-11-13T13:49:13","guid":{"rendered":"https:\/\/www.europesays.com\/de\/572551\/"},"modified":"2025-11-13T13:49:13","modified_gmt":"2025-11-13T13:49:13","slug":"grid-parity-ist-pleite-und-macht-reiche-verantwortlich","status":"publish","type":"post","link":"https:\/\/www.europesays.com\/de\/572551\/","title":{"rendered":"Grid Parity ist pleite und macht Reiche verantwortlich"},"content":{"rendered":"<p>&#8222;Politik streicht das Fundament&#8220; <\/p>\n<p>Unternehmen ist insolvent \u2013 und macht Reiche verantwortlich<\/p>\n<p>Aktualisiert am 13.11.2025 &#8211; 14:06 UhrLesedauer: 2 Min.<\/p>\n<p><a href=\"#focus-0\" class=\"transition-colors duration-200 block text-current relative\" data-sctrack=\"FocusGalleryImage.Reference\"><img fetchpriority=\"high\" data-testid=\"Opener.Image\" style=\"--lqipURL:url('https:\/\/images.t-online.de\/2025\/11\/ZIuY0uC0k4LM\/0x107:2048x1152\/fit-in\/150x0\/filters:blur(25)\/wirtschaftsministerin-reiche-verhandlungen-mit-der-kommission-vor-abschluss-archivbild.jpg')\"   loading=\"eager\" src=\"https:\/\/www.europesays.com\/de\/wp-content\/uploads\/2025\/11\/wirtschaftsministerin-reiche-verhandlungen-mit-der-kommission-vor-abschluss-archivbild.jpg\" alt=\"Ministerin Reiche\" title=\"Ministerin Reiche\" width=\"2048\" height=\"1152\" class=\"bg-[url:var(--lqipURL)] bg-cover bg-center flex h-full w-full max-w-full\" decoding=\"async\"\/><img style=\"--width:32;--height:32\" loading=\"lazy\" src=\"https:\/\/www.t-online.de\/s\/paper\/_next\/static\/media\/zoom-in.f7dae02f.svg\" alt=\"Vergr\u00f6\u00dfern des Bildes\" title=\"Vergr\u00f6\u00dfern des Bildes\" class=\"block h-[calc(var(--height)_\/_16_*_1rem)] w-[calc(var(--width)_\/_16_*_1rem)] max-w-none absolute bottom-8 right-8 rounded-4 bg-snow p-8\" decoding=\"async\"\/><\/a><\/p>\n<p>Katherina Reiche: Das Unternehmen Grid Parity AG macht die Politik der Wirtschaftsministerin f\u00fcr die eigene Insolvenz verantwortlich. (Archivbild) (Quelle: Michael Kappeler\/dpa\/dpa-bilder)<\/p>\n<p class=\"font-bold text-18 leading-17\">Der Zehn-Punkte-Plan von Wirtschaftsministerin Reiche hat massive Folgen f\u00fcr Energieunternehmen. Jetzt packt eine insolvente Photovoltaik-Firma aus.<\/p>\n<p class=\"text-18 leading-17\">Das Photovoltaik-Unternehmen Grid Parity AG ist insolvent. Bereits im Oktober stellte das Unternehmen beim Amtsgericht <a target=\"_blank\" class=\"transition-colors duration-200 cursor-pointer text-inherit no-underline text-salemsfur md:hover:text-magenta md:hover:border-magenta md:focus:text-magenta border-current border-b border-solid break-words\" href=\"https:\/\/muenchen.t-online.de\/region\/muenchen\/\" data-sctrack=\"BodyAnchor\" rel=\"noopener\">M\u00fcnchen<\/a> einen Antrag auf Er\u00f6ffnung eines Insolvenzverfahrens. Daraufhin leitete das Gericht das vorl\u00e4ufige Verfahren ein. Rechtsanwalt Stefan Str\u00fcwind wurde zum vorl\u00e4ufigen Insolvenzverwalter bestellt.<\/p>\n<p class=\"text-18 leading-17\">Wie mehrere Medien \u00fcbereinstimmend berichten, macht das Unternehmen die Regierung f\u00fcr seine finanzielle Schieflage verantwortlich \u2013 genauer Wirtschaftsministerin Katherina Reiche. Das Umfeld f\u00fcr Photovoltaik-Anlagen habe sich nach dem Regierungswechsel immens verschlechtert, erkl\u00e4rt die Grid Parity AG. Es seien ihre \u00c4u\u00dferungen bez\u00fcglich der EEG-Verg\u00fctung f\u00fcr kleine Photovoltaik-Anlagen gewesen, die dazu gef\u00fchrt h\u00e4tten, dass Finanzierungen von Banken zur\u00fcckgezogen und sicher geglaubte Auftr\u00e4ge nicht erteilt worden seien.<\/p>\n<p class=\"text-18 leading-17\">Im September schrieb Chief Executive Officer Erich Merkle auf der Plattform LinkedIn: &#8222;Stell dir vor, du investierst in deine eigene Solaranlage, freust dich auf g\u00fcnstigen Strom und ein stabiles Einkommen \u2013 und pl\u00f6tzlich streicht die Politik das Fundament dieses Plans: die Einspeiseverg\u00fctung.&#8220; Sein Vorwurf: Ministerin Reiche wolle das Ende dieses Sicherheitsnetzes f\u00fcr private Projekte.<\/p>\n<p class=\"text-18 leading-17\">Die Finanzl\u00fccke wollte Grid Parity den Berichten zufolge durch Investoren schlie\u00dfen \u2013 doch die Gespr\u00e4che seien nicht rechtzeitig abgeschlossen worden, woraufhin das Unternehmen einen Insolvenzantrag stellen musste. Im Rahmen des Insolvenzverfahrens soll nun weiter nach Investoren gesucht werden. Dabei laufe der Gesch\u00e4ftsbetrieb weiter.<\/p>\n","protected":false},"excerpt":{"rendered":"&#8222;Politik streicht das Fundament&#8220; Unternehmen ist insolvent \u2013 und macht Reiche verantwortlich Aktualisiert am 13.11.2025 &#8211; 14:06 UhrLesedauer:&hellip;\n","protected":false},"author":2,"featured_media":572552,"comment_status":"","ping_status":"","sticky":false,"template":"","format":"standard","meta":{"footnotes":""},"categories":[134],"tags":[326,3360,2294,175,170,169,29,91296,5932,137922,30,1551,30427,171,174,137920,137921,173,172,107371],"class_list":{"0":"post-572551","1":"post","2":"type-post","3":"status-publish","4":"format-standard","5":"has-post-thumbnail","7":"category-unternehmen-maerkte","8":"tag-326","9":"tag-amtsgericht-muenchen","10":"tag-bank","11":"tag-business","12":"tag-companies","13":"tag-companies-markets","14":"tag-deutschland","15":"tag-eeg","16":"tag-energieunternehmen","17":"tag-erich-merkle","18":"tag-germany","19":"tag-insolvenz","20":"tag-katherina-reiche","21":"tag-markets","22":"tag-maerkte","23":"tag-parity","24":"tag-stefan-struewind","25":"tag-unternehmen","26":"tag-unternehmen-maerkte","27":"tag-zehn-punkte-plan"},"share_on_mastodon":{"url":"https:\/\/pubeurope.com\/@de\/115542712464767004","error":""},"_links":{"self":[{"href":"https:\/\/www.europesays.com\/de\/wp-json\/wp\/v2\/posts\/572551","targetHints":{"allow":["GET"]}}],"collection":[{"href":"https:\/\/www.europesays.com\/de\/wp-json\/wp\/v2\/posts"}],"about":[{"href":"https:\/\/www.europesays.com\/de\/wp-json\/wp\/v2\/types\/post"}],"author":[{"embeddable":true,"href":"https:\/\/www.europesays.com\/de\/wp-json\/wp\/v2\/users\/2"}],"replies":[{"embeddable":true,"href":"https:\/\/www.europesays.com\/de\/wp-json\/wp\/v2\/comments?post=572551"}],"version-history":[{"count":0,"href":"https:\/\/www.europesays.com\/de\/wp-json\/wp\/v2\/posts\/572551\/revisions"}],"wp:featuredmedia":[{"embeddable":true,"href":"https:\/\/www.europesays.com\/de\/wp-json\/wp\/v2\/media\/572552"}],"wp:attachment":[{"href":"https:\/\/www.europesays.com\/de\/wp-json\/wp\/v2\/media?parent=572551"}],"wp:term":[{"taxonomy":"category","embeddable":true,"href":"https:\/\/www.europesays.com\/de\/wp-json\/wp\/v2\/categories?post=572551"},{"taxonomy":"post_tag","embeddable":true,"href":"https:\/\/www.europesays.com\/de\/wp-json\/wp\/v2\/tags?post=572551"}],"curies":[{"name":"wp","href":"https:\/\/api.w.org\/{rel}","templated":true}]}}