{"id":572577,"date":"2025-11-13T14:06:19","date_gmt":"2025-11-13T14:06:19","guid":{"rendered":"https:\/\/www.europesays.com\/de\/572577\/"},"modified":"2025-11-13T14:06:19","modified_gmt":"2025-11-13T14:06:19","slug":"karlsruhe-flensburg-waffen-fuer-hamas-anschlaege-weiterer-verdaechtiger-gefasst","status":"publish","type":"post","link":"https:\/\/www.europesays.com\/de\/572577\/","title":{"rendered":"Karlsruhe\/Flensburg | Waffen f\u00fcr Hamas-Anschl\u00e4ge? Weiterer Verd\u00e4chtiger gefasst"},"content":{"rendered":"<p>Karlsruhe\/Flensburg (dpa) &#8211; Im Zusammenhang mit den Ermittlungen gegen mutma\u00dfliche Mitglieder und Waffen-Beschaffer der Terrororganisation Hamas hat die Bundesanwaltschaft einen weiteren Verd\u00e4chtigen festnehmen lassen. Der Mann wurde am Donnerstag bei seiner Einreise aus D\u00e4nemark in einem Zug nach Flensburg durch Beamte des Bundeskriminalamts und der Bundespolizei gefasst, wie die Bundesanwaltschaft mitteilte.<\/p>\n<p>Die obersten deutschen Strafverfolger werfen ihm vor, in die Beschaffung von Waffen f\u00fcr die Hamas involviert zu sein. Er soll die Waffen in Hessen von einem mutma\u00dflichen Hamas-Mitglied angenommen und nach Berlin zu einem weiteren mutma\u00dflichen Hamas-Mitglied gebracht haben. Die beiden Komplizen sitzen schon in Untersuchungshaft \u2013 einer seit Anfang Oktober, einer seit Mittwoch.<\/p>\n<p>Der nun zun\u00e4chst vorl\u00e4ufig im Zug festgenommene Mann soll am Freitag dem Ermittlungsrichter des Bundesgerichtshofs vorgef\u00fchrt werden, der \u00fcber den Erlass eines Haftbefehls und die Untersuchungshaft entscheidet. Ihm werden unter anderem Verst\u00f6\u00dfe gegen das Waffengesetz zur Last gelegt.<\/p>\n<p>Anschl\u00e4ge auf j\u00fcdische Ziele geplant?<\/p>\n<p>Erst am Dienstagabend hatten Beamte des Bundeskriminalamts und der Bundespolizei ein mutma\u00dfliches Mitglied der Hamas nach dessen Einreise aus Tschechien festgenommen. Der Mann soll von Deutschland aus Waffen beschafft haben, die mutma\u00dflich f\u00fcr Mordanschl\u00e4ge auf israelische oder j\u00fcdische Einrichtungen in Deutschland und Europa genutzt werden sollten.<\/p>\n<p>Die d\u00e4nische Polizei hatte in Kopenhagen und der Umgebung zudem R\u00e4umlichkeiten des Festgenommenen und eines weiteren Beschuldigten durchsucht, hie\u00df es in einer Mitteilung der Bundesanwaltschaft.<\/p>\n<p>Fr\u00fchere Festnahmen in Berlin und London<\/p>\n<p>Die beiden j\u00fcngsten Festnahmen stehen im Zusammenhang mit denen dreier mutma\u00dflicher Hamas-Mitglieder Anfang Oktober. Als Auslandsoperateure der Organisation sollen sie von Deutschland aus unter anderem ein Sturmgewehr, Pistolen und Munition beschafft haben. Einen konkreten Anschlagsplan gab es aber wohl noch nicht. Die drei M\u00e4nner wurden am 1. Oktober in Berlin gefasst und sitzen seitdem alle in Untersuchungshaft.<\/p>\n<p>In Wien wurde k\u00fcrzlich im selben Ermittlungs-Komplex ein Waffenversteck ausgehoben. Wie \u00d6sterreichs Verfassungsschutzbeh\u00f6rde DSN mitteilte, wurden dabei f\u00fcnf Faustfeuerwaffen und zehn Magazine sichergestellt. In London wurde zudem ein Mann festgenommen, der nach Angaben der Bundesanwaltschaft als Mitglied der Hamas die Waffen nach Wien transportiert und dort eingelagert haben soll. Er soll nach Deutschland \u00fcberstellt werden.<\/p>\n","protected":false},"excerpt":{"rendered":"Karlsruhe\/Flensburg (dpa) &#8211; Im Zusammenhang mit den Ermittlungen gegen mutma\u00dfliche Mitglieder und Waffen-Beschaffer der Terrororganisation Hamas hat die&hellip;\n","protected":false},"author":2,"featured_media":572578,"comment_status":"","ping_status":"","sticky":false,"template":"","format":"standard","meta":{"footnotes":""},"categories":[1844],"tags":[1634,3364,29,1549,30,8903,1584,1971,4743],"class_list":{"0":"post-572577","1":"post","2":"type-post","3":"status-publish","4":"format-standard","5":"has-post-thumbnail","7":"category-karlsruhe","8":"tag-baden-wuerttemberg","9":"tag-de","10":"tag-deutschland","11":"tag-extremismus","12":"tag-germany","13":"tag-karlsruhe","14":"tag-kriminalitaet","15":"tag-schleswig-holstein","16":"tag-waffen"},"share_on_mastodon":{"url":"https:\/\/pubeurope.com\/@de\/115542778503444687","error":""},"_links":{"self":[{"href":"https:\/\/www.europesays.com\/de\/wp-json\/wp\/v2\/posts\/572577","targetHints":{"allow":["GET"]}}],"collection":[{"href":"https:\/\/www.europesays.com\/de\/wp-json\/wp\/v2\/posts"}],"about":[{"href":"https:\/\/www.europesays.com\/de\/wp-json\/wp\/v2\/types\/post"}],"author":[{"embeddable":true,"href":"https:\/\/www.europesays.com\/de\/wp-json\/wp\/v2\/users\/2"}],"replies":[{"embeddable":true,"href":"https:\/\/www.europesays.com\/de\/wp-json\/wp\/v2\/comments?post=572577"}],"version-history":[{"count":0,"href":"https:\/\/www.europesays.com\/de\/wp-json\/wp\/v2\/posts\/572577\/revisions"}],"wp:featuredmedia":[{"embeddable":true,"href":"https:\/\/www.europesays.com\/de\/wp-json\/wp\/v2\/media\/572578"}],"wp:attachment":[{"href":"https:\/\/www.europesays.com\/de\/wp-json\/wp\/v2\/media?parent=572577"}],"wp:term":[{"taxonomy":"category","embeddable":true,"href":"https:\/\/www.europesays.com\/de\/wp-json\/wp\/v2\/categories?post=572577"},{"taxonomy":"post_tag","embeddable":true,"href":"https:\/\/www.europesays.com\/de\/wp-json\/wp\/v2\/tags?post=572577"}],"curies":[{"name":"wp","href":"https:\/\/api.w.org\/{rel}","templated":true}]}}