{"id":573037,"date":"2025-11-13T18:23:24","date_gmt":"2025-11-13T18:23:24","guid":{"rendered":"https:\/\/www.europesays.com\/de\/573037\/"},"modified":"2025-11-13T18:23:24","modified_gmt":"2025-11-13T18:23:24","slug":"chansons-und-lieder-verfolgter-kuenstler-stehen-im-mittelpunkt-des-abends-in-der-erloeserkirche","status":"publish","type":"post","link":"https:\/\/www.europesays.com\/de\/573037\/","title":{"rendered":"Chansons und Lieder verfolgter K\u00fcnstler stehen im Mittelpunkt des Abends in der Erl\u00f6serkirche"},"content":{"rendered":"<p>          \u201eVerwehte Lieder\u201c feiern die geistige Freiheit        Chansons und Lieder verfolgter K\u00fcnstler stehen im Mittelpunkt des Abends in der Erl\u00f6serkirche<\/p>\n<p class=\"text-50 desktop:text-70 park-container-small px-6 mb-10 desktop:mb-14\">Wuppertal \u00b7 <strong data-cy=\"intro\" data-readtime-content=\"\">Gemeinsam mit Andre Enth\u00f6fer an der Klarinette und dem Heidelberger Pianisten Oliver Taupp bringt die geb\u00fcrtige Wuppertaler Schauspielerin und S\u00e4ngerin Judith Genske ihr Programm \u201eVerwehte Lieder\u201c in der Jazz-Reihe \u201eCon Brio\u201c am Sonntag, 16. November, um 19.30 Uhr in der Erl\u00f6serkirche an der Stahlstra\u00dfe zur Auff\u00fchrung.<\/strong><\/p>\n<p>                        <a class=\"absolute bottom-0 inset-x-0 z-10 group\/link before:pt-16\/10 before:float-left after:clear-both flex justify-end items-end print:hidden\" href=\"https:\/\/www.wz.de\/imgs\/39\/2\/4\/9\/4\/6\/6\/9\/9\/3\/tok_ed210ef7f89cadd5b21d8992e341383a\/w1900_h2433_x973_y1248_Enthoefer_Genske-f12e839f6812b4d3.JPG\" title=\"Vergr\u00f6\u00dferte Ansicht\" aria-describedby=\"park-figure-\" data-enlargable=\"image\" target=\"_blank\" rel=\"noopener\"><\/p>\n<p>                            <\/a><\/p>\n<p>                <img class=\"absolute inset-0 w-full h-full object-cover aspect-[16\/10] opacity-0 transition-opacity animated\" onload=\"this.style.opacity = '1';\" src=\"https:\/\/www.europesays.com\/de\/wp-content\/uploads\/2025\/11\/w1952_h1313_x973_y1248_Enthoefer_Genske-f12e839f6812b4d3.JPG\"   alt=\" Andr\u00e9 Enth\u00f6fer und Judith Genske.  \" fetchpriority=\"high\" decoding=\"async\" data-park-image-img=\"\"\/><\/p>\n<p class=\"block font-sans text-30 text-black-almost dark:text-white-almost desktop:text-40 desktop:[.floated_&amp;]:text-30 mt-3 desktop:[.floated_&amp;]:mt-3 desktop:mt-4\" data-readtime-content=\"\">\n         Andr\u00e9 Enth\u00f6fer und Judith Genske.\n    <\/p>\n<p>    Foto: Amelie Koch  <\/p>\n","protected":false},"excerpt":{"rendered":"\u201eVerwehte Lieder\u201c feiern die geistige Freiheit Chansons und Lieder verfolgter K\u00fcnstler stehen im Mittelpunkt des Abends in der&hellip;\n","protected":false},"author":2,"featured_media":573038,"comment_status":"","ping_status":"","sticky":false,"template":"","format":"standard","meta":{"footnotes":""},"categories":[1840],"tags":[43782,51234,3364,29,138028,6719,30,82006,6331,1209,6443,7789,35957,138027,138029,138026,4418],"class_list":{"0":"post-573037","1":"post","2":"type-post","3":"status-publish","4":"format-standard","5":"has-post-thumbnail","7":"category-wuppertal","8":"tag-andre","9":"tag-chansons","10":"tag-de","11":"tag-deutschland","12":"tag-enthoefer","13":"tag-freiheit","14":"tag-germany","15":"tag-judith","16":"tag-lieder","17":"tag-nordrhein-westfalen","18":"tag-oliver","19":"tag-programm","20":"tag-reihe","21":"tag-taupp","22":"tag-trioprogramm","23":"tag-verwehte","24":"tag-wuppertal"},"share_on_mastodon":{"url":"https:\/\/pubeurope.com\/@de\/115543789919724835","error":""},"_links":{"self":[{"href":"https:\/\/www.europesays.com\/de\/wp-json\/wp\/v2\/posts\/573037","targetHints":{"allow":["GET"]}}],"collection":[{"href":"https:\/\/www.europesays.com\/de\/wp-json\/wp\/v2\/posts"}],"about":[{"href":"https:\/\/www.europesays.com\/de\/wp-json\/wp\/v2\/types\/post"}],"author":[{"embeddable":true,"href":"https:\/\/www.europesays.com\/de\/wp-json\/wp\/v2\/users\/2"}],"replies":[{"embeddable":true,"href":"https:\/\/www.europesays.com\/de\/wp-json\/wp\/v2\/comments?post=573037"}],"version-history":[{"count":0,"href":"https:\/\/www.europesays.com\/de\/wp-json\/wp\/v2\/posts\/573037\/revisions"}],"wp:featuredmedia":[{"embeddable":true,"href":"https:\/\/www.europesays.com\/de\/wp-json\/wp\/v2\/media\/573038"}],"wp:attachment":[{"href":"https:\/\/www.europesays.com\/de\/wp-json\/wp\/v2\/media?parent=573037"}],"wp:term":[{"taxonomy":"category","embeddable":true,"href":"https:\/\/www.europesays.com\/de\/wp-json\/wp\/v2\/categories?post=573037"},{"taxonomy":"post_tag","embeddable":true,"href":"https:\/\/www.europesays.com\/de\/wp-json\/wp\/v2\/tags?post=573037"}],"curies":[{"name":"wp","href":"https:\/\/api.w.org\/{rel}","templated":true}]}}