{"id":573310,"date":"2025-11-13T20:57:19","date_gmt":"2025-11-13T20:57:19","guid":{"rendered":"https:\/\/www.europesays.com\/de\/573310\/"},"modified":"2025-11-13T20:57:19","modified_gmt":"2025-11-13T20:57:19","slug":"immer-mehr-firmen-suchen-neue-inhaber","status":"publish","type":"post","link":"https:\/\/www.europesays.com\/de\/573310\/","title":{"rendered":"Immer mehr Firmen suchen neue Inhaber"},"content":{"rendered":"<p class=\"text_ohne_einzug richtext text-em-55 !leading-serif mx-6 desktop:mx-0\"> In der Unternehmenslandschaft M\u00f6nchengladbachs vollzieht sich gerade ein gro\u00dfer Wechsel. Immer mehr Firmeninhaber suchen eine Nachfolge f\u00fcr ihre Betriebe. Die geburtenstarken Jahrg\u00e4nge stehen an der Schwelle zum Ruhestand. Die \u201eBaby-Boomer\u201c sind die zahlenm\u00e4\u00dfig st\u00e4rkste Generation, ihre Mitglieder sind in der alten Bundesrepublik zwischen Mitte der 1950er- und Ende der 1960er-Jahre zur Welt gekommen.<\/p>\n","protected":false},"excerpt":{"rendered":"In der Unternehmenslandschaft M\u00f6nchengladbachs vollzieht sich gerade ein gro\u00dfer Wechsel. Immer mehr Firmeninhaber suchen eine Nachfolge f\u00fcr ihre&hellip;\n","protected":false},"author":2,"featured_media":573311,"comment_status":"","ping_status":"","sticky":false,"template":"","format":"standard","meta":{"footnotes":"","_share_on_mastodon":"0"},"categories":[1849],"tags":[55628,14075,3364,29,548,663,3934,45817,30,13,4455,14,15,1209,1102,12,437,25919],"class_list":["post-573310","post","type-post","status-publish","format-standard","has-post-thumbnail","category-moenchengladbach","tag-besitzer","tag-betrieb","tag-de","tag-deutschland","tag-eu","tag-europa","tag-europe","tag-firmen","tag-germany","tag-headlines","tag-moenchengladbach","tag-nachrichten","tag-news","tag-nordrhein-westfalen","tag-scheitern","tag-schlagzeilen","tag-sucht","tag-verkauft"],"share_on_mastodon":{"url":"https:\/\/pubeurope.com\/@de\/115544394659392312","error":""},"_links":{"self":[{"href":"https:\/\/www.europesays.com\/de\/wp-json\/wp\/v2\/posts\/573310","targetHints":{"allow":["GET"]}}],"collection":[{"href":"https:\/\/www.europesays.com\/de\/wp-json\/wp\/v2\/posts"}],"about":[{"href":"https:\/\/www.europesays.com\/de\/wp-json\/wp\/v2\/types\/post"}],"author":[{"embeddable":true,"href":"https:\/\/www.europesays.com\/de\/wp-json\/wp\/v2\/users\/2"}],"replies":[{"embeddable":true,"href":"https:\/\/www.europesays.com\/de\/wp-json\/wp\/v2\/comments?post=573310"}],"version-history":[{"count":0,"href":"https:\/\/www.europesays.com\/de\/wp-json\/wp\/v2\/posts\/573310\/revisions"}],"wp:featuredmedia":[{"embeddable":true,"href":"https:\/\/www.europesays.com\/de\/wp-json\/wp\/v2\/media\/573311"}],"wp:attachment":[{"href":"https:\/\/www.europesays.com\/de\/wp-json\/wp\/v2\/media?parent=573310"}],"wp:term":[{"taxonomy":"category","embeddable":true,"href":"https:\/\/www.europesays.com\/de\/wp-json\/wp\/v2\/categories?post=573310"},{"taxonomy":"post_tag","embeddable":true,"href":"https:\/\/www.europesays.com\/de\/wp-json\/wp\/v2\/tags?post=573310"}],"curies":[{"name":"wp","href":"https:\/\/api.w.org\/{rel}","templated":true}]}}