{"id":573621,"date":"2025-11-13T23:51:29","date_gmt":"2025-11-13T23:51:29","guid":{"rendered":"https:\/\/www.europesays.com\/de\/573621\/"},"modified":"2025-11-13T23:51:29","modified_gmt":"2025-11-13T23:51:29","slug":"leitungsteam-fuer-den-pastoralen-raum-warendorf-gewaehlt","status":"publish","type":"post","link":"https:\/\/www.europesays.com\/de\/573621\/","title":{"rendered":"Leitungsteam f\u00fcr den Pastoralen Raum Warendorf gew\u00e4hlt"},"content":{"rendered":"<p>13.11.2025, 15:37 Uhr, Kreisdekanat Warendorf&#13;\n<\/p>\n<p>Das Leitungsteam f\u00fcr den Pastoralen Raum Warendorf steht fest: Ein Wahlgremium mit Vertreterinnen und Vertretern aller drei Pfarreien hat am 27. Oktober die beiden ehrenamtlichen Mitglieder gew\u00e4hlt: Julia Holz (Einen-M\u00fcssingen\/Milte) und Timo Brunsmann (Freckenhorst\/Hoetmar). Gemeinsam mit Stephanie Schnucklake (Pastoralreferentin, Warendorf) und Pfarrer Rainer Hermes (leitender Pfarrer, Einen-M\u00fcssingen\/Milte) bilden sie das Leitungsteam.<\/p>\n<p><img loading=\"lazy\" decoding=\"async\" title=\"Die beiden gew\u00e4hlten Ehrenamtlichen Timo Brunsmann und Julia Holz stehen mit einem Blumenstrau\u00df in den H\u00e4nden vor zehn weiteren Personen. \" alt=\"Die beiden gew\u00e4hlten Ehrenamtlichen Timo Brunsmann und Julia Holz stehen mit einem Blumenstrau\u00df in den H\u00e4nden vor zehn weiteren Personen. \" src=\"https:\/\/www.europesays.com\/de\/wp-content\/uploads\/2025\/11\/csm_2025-11-13-leitungsteam-waf_d79c7eb795.jpg\" width=\"300\" height=\"225\"\/><\/p>\n<p>Die beiden gew\u00e4hlten Ehrenamtlichen Timo Brunsmann und Julia Holz (vorne) mit Vertreterinnen und Vertretern des Koordinierungsteams und der Gremien. <\/p>\n<p>\u00a9 Pastoraler Raum Warendorf<\/p>\n<p>Das Leitungsteam wird zum 1. Januar 2026 von Di\u00f6zesanadministrator Dr. Antonius Hamers ernannt und beauftragt. Ab diesem Zeitpunkt \u00fcbernimmt es die Verantwortung f\u00fcr den Pastoralen Raum und wird die pastorale Arbeit k\u00fcnftig in enger Abstimmung mit den Pfarreien koordinieren. Das vierk\u00f6pfige Leitungsteam wird zu einem sp\u00e4teren Zeitpunkt von einer Verwaltungsleitung erg\u00e4nzt.\u00a0<\/p>\n<p>Seit dem 1. Januar 2024 bilden die drei Pfarreien St. Laurentius (Warendorf), Ss. Bartholom\u00e4us und Johannes (Einen-M\u00fcssingen\/Milte) sowie St. Bonifatius und St. Lambertus (Freckenhorst\/Hoetmar) gemeinsam den Pastoralen Raum Warendorf.<\/p>\n<p>Mit den Pastoralen R\u00e4umen reagiert das Bistum M\u00fcnster auf personelle und finanzielle Ver\u00e4nderungen \u2013 zugleich er\u00f6ffnet es sich aber auch die Chance, kirchliches Leben gemeinsam neu zu gestalten. Das begleitende Koordinierungsteam f\u00fcr den Pastoralen Raum Warendorf spricht bewusst von einem \u201eErm\u00f6glichungs- und Kooperationsraum\u201c. Ziel ist es, bestehende Angebote besser zu vernetzen und zugleich Raum f\u00fcr neue, kreative Projekte zu schaffen. Wichtig dabei: Der Pastorale Raum bedeutet keine Fusion \u2013 die drei Pfarreien bleiben eigenst\u00e4ndig.<\/p>\n<p>Mit Beginn des neuen Jahres nimmt das Leitungsteam seine Arbeit auf. Die Einf\u00fchrung erfolgt in einem Auftaktgottesdienst am Samstag, 24. Januar, um 18 Uhr in der Marienkirche in Warendorf. Das Koordinierungsteam l\u00e4dt alle Gemeindemitglieder aus den drei Pfarreien zur Mitfeier ein.<br \/>\u00a0<\/p>\n","protected":false},"excerpt":{"rendered":"13.11.2025, 15:37 Uhr, Kreisdekanat Warendorf&#13; Das Leitungsteam f\u00fcr den Pastoralen Raum Warendorf steht fest: Ein Wahlgremium mit Vertreterinnen&hellip;\n","protected":false},"author":2,"featured_media":573622,"comment_status":"","ping_status":"","sticky":false,"template":"","format":"standard","meta":{"footnotes":""},"categories":[1843],"tags":[3364,29,30,8970,18186,1209],"class_list":{"0":"post-573621","1":"post","2":"type-post","3":"status-publish","4":"format-standard","5":"has-post-thumbnail","7":"category-muenster","8":"tag-de","9":"tag-deutschland","10":"tag-germany","11":"tag-muenster","12":"tag-news-detail","13":"tag-nordrhein-westfalen"},"share_on_mastodon":{"url":"https:\/\/pubeurope.com\/@de\/115545079830663033","error":""},"_links":{"self":[{"href":"https:\/\/www.europesays.com\/de\/wp-json\/wp\/v2\/posts\/573621","targetHints":{"allow":["GET"]}}],"collection":[{"href":"https:\/\/www.europesays.com\/de\/wp-json\/wp\/v2\/posts"}],"about":[{"href":"https:\/\/www.europesays.com\/de\/wp-json\/wp\/v2\/types\/post"}],"author":[{"embeddable":true,"href":"https:\/\/www.europesays.com\/de\/wp-json\/wp\/v2\/users\/2"}],"replies":[{"embeddable":true,"href":"https:\/\/www.europesays.com\/de\/wp-json\/wp\/v2\/comments?post=573621"}],"version-history":[{"count":0,"href":"https:\/\/www.europesays.com\/de\/wp-json\/wp\/v2\/posts\/573621\/revisions"}],"wp:featuredmedia":[{"embeddable":true,"href":"https:\/\/www.europesays.com\/de\/wp-json\/wp\/v2\/media\/573622"}],"wp:attachment":[{"href":"https:\/\/www.europesays.com\/de\/wp-json\/wp\/v2\/media?parent=573621"}],"wp:term":[{"taxonomy":"category","embeddable":true,"href":"https:\/\/www.europesays.com\/de\/wp-json\/wp\/v2\/categories?post=573621"},{"taxonomy":"post_tag","embeddable":true,"href":"https:\/\/www.europesays.com\/de\/wp-json\/wp\/v2\/tags?post=573621"}],"curies":[{"name":"wp","href":"https:\/\/api.w.org\/{rel}","templated":true}]}}