{"id":573681,"date":"2025-11-14T00:34:12","date_gmt":"2025-11-14T00:34:12","guid":{"rendered":"https:\/\/www.europesays.com\/de\/573681\/"},"modified":"2025-11-14T00:34:12","modified_gmt":"2025-11-14T00:34:12","slug":"tsv-troester-breitenguessbach-faehrt-nach-leipzig","status":"publish","type":"post","link":"https:\/\/www.europesays.com\/de\/573681\/","title":{"rendered":"TSV Tr\u00f6ster Breiteng\u00fc\u00dfbach f\u00e4hrt nach Leipzig"},"content":{"rendered":"<p>R\u00fcckrundenauftakt beim \u00dcberraschungsteamZum Start in die R\u00fcckrunde der Hauptrunde in der 1. Regionalliga Nord gastiert der TSV Tr\u00f6ster Breiteng\u00fc\u00dfbach am Samstag um 16 Uhr beim Tabellendritten in Leipzig.<\/p>\n<p>Es ist die \u00dcberraschungsmannschaft der bisherigen Regionalliga-Saison. Der Aufsteiger, der in der vergangenen Saison souver\u00e4n die Klasse gehalten hat, spielt in dieser Spielzeit v\u00f6llig unbek\u00fcmmert auf und beeindruckt mit starken Ergebnissen. In der Hinrunde sprangen f\u00fcr die BAURADO UniRiesen Leipzig f\u00fcnf Siege bei nur zwei Niederlagen heraus. Die Pleiten setzte es auch nur gegen die beiden Teams, die in der Tabelle vor ihnen stehen. Am ersten Spieltag unterlagen die Sachsen in der G\u00fc\u00dfbacher Hans-Jung-Halle mit 89:64 und am vergangenen Wochenende setzte es bei Ligaprimus Weimar eine denkbar knappe 80:76-Niederlage. In der heimischen Arena ist die Stackhouse-Truppe nach Siegen gegen Bamberg, Veitsh\u00f6chheim und Dresden noch ungeschlagen. Der TSV Tr\u00f6ster Breiteng\u00fc\u00dfbach ist also gewarnt und wird Leipzig auf keinen Fall untersch\u00e4tzen.<\/p>\n<p>Die Gelbschwarzen m\u00f6chten am kommenden Samstag zeigen, dass sie aus den zwei Niederlagen in der Hinrunde gegen Aschaffenburg und Weimar gelernt haben. Man will sich auf die eigenen St\u00e4rken und Schw\u00e4chen konzentrieren und versuchen Leipzig sein Spiel aufzudr\u00fccken. Wichtig wird es f\u00fcr Breiteng\u00fc\u00dfbach sein, mit viel Physis und Intensit\u00e4t zu agieren, damit man den UniRiesen wenig Platz zur Entfaltung gibt. Offensiv wird es darauf ankommen, an die gezeigten Leistungen aus dem Gotha-Spiel anzukn\u00fcpfen. Der Ball wurde phasenweise sehr gut bewegt und mit einem Extrapass der freie Mitspieler am Brett oder an der Dreierlinie gefunden. Lediglich die Zahl der Ballverluste sollte der TSV Tr\u00f6ster reduzieren, damit der Gegner nicht so oft zu einfachen K\u00f6rben kommt. In der Verteidigung sollten die Oberfranken besonders auf Dalchau (16ppg), M. Radestock (15) und Siegert (14,5) aufpassen. Diese drei Spieler stechen aus der homogenen Leipziger Mannschaft, in der zus\u00e4tzlich noch Wafa (9,8), Perez Neto (9,7) und Hahn (9,3) zu \u00fcberzeugen wissen, heraus. Gelingt es offensiv schnell einen Rhythmus zu finden und defensiv \u00e4hnlich kompakt und hart zu verteidigen, wie in der Hinrunde, hat man eine gute Ausgangslage f\u00fcr einen Sieg zum R\u00fcckrundenauftakt.<\/p>\n<p>Breiteng\u00fc\u00dfbach: Bauer, Dippold, Jebens, Klaus, Lorber, Nieslon, R\u00fcmer, Sauer, M. Stephan, C. Stephan, N. Stephan, Trummeter<\/p>\n<p>Das k\u00f6nnte Sie ebenfalls interessieren:<\/p>\n","protected":false},"excerpt":{"rendered":"R\u00fcckrundenauftakt beim \u00dcberraschungsteamZum Start in die R\u00fcckrunde der Hauptrunde in der 1. Regionalliga Nord gastiert der TSV Tr\u00f6ster&hellip;\n","protected":false},"author":2,"featured_media":371268,"comment_status":"","ping_status":"","sticky":false,"template":"","format":"standard","meta":{"footnotes":""},"categories":[1832],"tags":[120169,3364,29,30,26027,71,859],"class_list":{"0":"post-573681","1":"post","2":"type-post","3":"status-publish","4":"format-standard","5":"has-post-thumbnail","7":"category-leipzig","8":"tag-breitenguessbach","9":"tag-de","10":"tag-deutschland","11":"tag-germany","12":"tag-landkreis-bamberg","13":"tag-leipzig","14":"tag-sachsen"},"share_on_mastodon":{"url":"","error":""},"_links":{"self":[{"href":"https:\/\/www.europesays.com\/de\/wp-json\/wp\/v2\/posts\/573681","targetHints":{"allow":["GET"]}}],"collection":[{"href":"https:\/\/www.europesays.com\/de\/wp-json\/wp\/v2\/posts"}],"about":[{"href":"https:\/\/www.europesays.com\/de\/wp-json\/wp\/v2\/types\/post"}],"author":[{"embeddable":true,"href":"https:\/\/www.europesays.com\/de\/wp-json\/wp\/v2\/users\/2"}],"replies":[{"embeddable":true,"href":"https:\/\/www.europesays.com\/de\/wp-json\/wp\/v2\/comments?post=573681"}],"version-history":[{"count":0,"href":"https:\/\/www.europesays.com\/de\/wp-json\/wp\/v2\/posts\/573681\/revisions"}],"wp:featuredmedia":[{"embeddable":true,"href":"https:\/\/www.europesays.com\/de\/wp-json\/wp\/v2\/media\/371268"}],"wp:attachment":[{"href":"https:\/\/www.europesays.com\/de\/wp-json\/wp\/v2\/media?parent=573681"}],"wp:term":[{"taxonomy":"category","embeddable":true,"href":"https:\/\/www.europesays.com\/de\/wp-json\/wp\/v2\/categories?post=573681"},{"taxonomy":"post_tag","embeddable":true,"href":"https:\/\/www.europesays.com\/de\/wp-json\/wp\/v2\/tags?post=573681"}],"curies":[{"name":"wp","href":"https:\/\/api.w.org\/{rel}","templated":true}]}}