{"id":573730,"date":"2025-11-14T01:01:28","date_gmt":"2025-11-14T01:01:28","guid":{"rendered":"https:\/\/www.europesays.com\/de\/573730\/"},"modified":"2025-11-14T01:01:28","modified_gmt":"2025-11-14T01:01:28","slug":"kategorie-kultur-podcasts-bild-vize-paul-ronzheimer-gewinnt-bambi-unterhaltung","status":"publish","type":"post","link":"https:\/\/www.europesays.com\/de\/573730\/","title":{"rendered":"Kategorie \u201eKultur \u2013 Podcasts\u201c: BILD-Vize Paul Ronzheimer gewinnt Bambi | Unterhaltung"},"content":{"rendered":"<p>M\u00fcnchen \u2013 <b>F\u00fcr DIESEN Einsatz musste er sich erst einmal einen Smoking kaufen.  BILD-Vize Paul Ronzheimer gewinnt den Bambi in der Kategorie \u201eKultur \u2013 Podcasts\u201c! Mit seinem Format \u201eRONZHEIMER\u201c erreicht er t\u00e4glich Hunderttausende H\u00f6rer, berichtet sieben Tage die Woche mit seinem Team aus aller Welt \u00fcber die wichtigsten Themen unserer Zeit. Paul Ronzheimer ist einer der bekanntesten Reporter des Landes, wurde f\u00fcr seine Berichterstattung aus der Ukraine als \u201eJournalist des Jahres 2022\u201c ausgezeichnet.<\/b><\/p>\n<p>Auch interessant<\/p>\n<p>Anzeige<\/p>\n<p>Auch interessant<\/p>\n<p>Anzeige<\/p>\n<p>Jetzt setzte sich Ronzheimer gegen die Podcasts \u201eCheckpod \u2013 Der Podcast mit Checker Tobi\u201c von TV-Star Tobi Krell, \u201eKaulitz Hills \u2013 Senf aus Hollywood\u201c von Bill und Tom Kaulitz und \u201eMord auf Ex\u201c von Leonie Bartsch und Linn Sch\u00fctze durch.<\/p>\n<p><b>\u201eGut, dass ich mir heute Morgen doch noch einen Smoking gekauft habe\u201c, sagte Paul Ronzheimer sichtlich bewegt bei seiner Dankesrede und hielt den Bambi in die H\u00f6he. \u201eIch bin wahnsinnig \u00fcberw\u00e4ltigt, weil es zeigt, dass Journalismus funktionieren kann und das habe ich vor allem meinem Team zu verdanken \u2013 Daniel van Moll in der Produktion, Filipp Piatov, mit dem ich den Podcast entwickelt habe, Lieven Jenrich, Serdar Deniz, die mitten in der Nacht, wenn ich irgendwo an der Front bin, das Ganze produzieren!\u201c <\/b><\/p>\n<p><img decoding=\"async\" width=\"992\" height=\"661\" alt=\"Paul Ronzheimer mit\" src=\"https:\/\/www.europesays.com\/de\/wp-content\/uploads\/2025\/11\/0824bcdb1bd2a927522de336ba6e7710,d0451d1f\"   class=\"dynamic\" loading=\"lazy\"\/><\/p>\n<p class=\"fig__caption__text\">Paul Ronzheimer mit Giannina Haupt, der Ehefrau von Ronzheimers bestem Freund, Carl Jacob Haupt (\u202034). Der bundesweit bekannte K\u00fcnstler war 2019 an den Folgen einer Krebserkrankung gestorben <\/p>\n<p>Foto: Felix H\u00f6rhager\/dpa<\/p>\n<p>Ronzheimer dankte nicht nur dem Podcast-Team, dem Axel Springer Verlag und Burda, sondern richtete auch ein ganz paar ganz pers\u00f6nliche Worte an seine Liebsten: \u201eDanke an meine Freunde, die oft auf mich verzichten m\u00fcssen, an meine Eltern, an meine Mama.\u201c<\/p>\n<p>Marion Horn, Vorsitzende der BILD-Chefredaktionen: \u201ePaul steht f\u00fcr all das, was echten Journalismus ausmacht: Mut, Leidenschaft, Haltung und ein unersch\u00fctterliches Verantwortungsgef\u00fchl. Er ist dort, wo andere nicht mehr hingehen wollen. Er fragt nach, wo andere l\u00e4ngst weggesehen haben. Und er bleibt dran. Mit Herz, mit Klugheit, mit Empathie.\u201c<\/p>\n<p>Das sahen die G\u00e4ste der Bambi-Verleihung ganz genau so und feierten Ronzheimer mit gro\u00dfem Applaus.<\/p>\n<p>Die j\u00fcngste Siegerin ist Deutschlands neue Rap-K\u00f6nigin<img decoding=\"async\" width=\"992\" height=\"1231\" alt=\"Zah1de (15, b\u00fcrgerlich Zahide Kayaci) freut sich \u00fcber ihren Bambi als Shootingstar des Jahres. Sie gilt als neue deutsche Rap-Sensation\" src=\"https:\/\/www.europesays.com\/de\/wp-content\/uploads\/2025\/11\/1385a8cef4719300182e65ff3a3aa07e,5f57b3ef\"   class=\"dynamic\" loading=\"lazy\"\/><\/p>\n<p class=\"fig__caption__text\">Zah1de (15, b\u00fcrgerlich Zahide Kayaci) freut sich \u00fcber ihren Bambi als Shootingstar des Jahres. Sie gilt als neue deutsche Rap-Sensation<\/p>\n<p>Foto: MICHAELA STACHE\/AFP<\/p>\n<p>Haben Sie schon mal was von Zah1de geh\u00f6rt? Fragen Sie doch mal bei Ihren Kindern nach. Die Berlinerin sorgt aktuell f\u00fcr den Soundtrack Nummer eins auf Schulh\u00f6fen und in Kinderzimmern. 2023 begann die Berlinerin, Tanzvideos auf Tik Tok zu ver\u00f6ffentlichen. Bereits ein Jahr sp\u00e4ter unterzeichnete sie ihren Plattenvertrag \u2013\u00a0und jetzt bekam sie einen Bambi als Shootingstar des Jahres. Wetten, dass wir von ihr noch viel h\u00f6ren werden? <\/p>\n<p><img decoding=\"async\" width=\"992\" height=\"661\" alt=\"Erst 2014 ver\u00f6ffentlichte Zah1de ihre Deb\u00fct-Single \u201eTik Tok Sportlich\u201c. Jetzt hat die Rapperin Millionen Fans und steht mit Shirin David (30) beim Bambi auf der B\u00fchne\" src=\"https:\/\/www.europesays.com\/de\/wp-content\/uploads\/2025\/11\/215acef3cec5fe593ec103c250f4ccaa,e840dd0c\"   class=\"dynamic\" loading=\"lazy\"\/><\/p>\n<p class=\"fig__caption__text\">Erst 2014 ver\u00f6ffentlichte Zah1de ihre Deb\u00fct-Single \u201eTik Tok Sportlich\u201c. Jetzt hat die Rapperin Millionen Fans und steht mit Shirin David (30) beim Bambi auf der B\u00fchne. Der Auftritt von Zah1de &#8211; ein echtes Highlight der Show<\/p>\n<p>Foto: Peter Kneffel\/dpa<\/p>\n<p>Was man in Hollywood so f\u00fcr Hobbys hat&#8230;<img decoding=\"async\" width=\"992\" height=\"1488\" alt=\"Hollywoodstar Cate Blanchett mit ihrem Bambi\" src=\"https:\/\/www.europesays.com\/de\/wp-content\/uploads\/2025\/11\/3a82602b9f4ec1d6bc0f80893e92a373,b43ec213\"   class=\"dynamic\" loading=\"lazy\"\/><\/p>\n<p class=\"fig__caption__text\">Hollywoodstar Cate Blanchett mit ihrem Bambi<\/p>\n<p>Foto: Peter Kneffel\/dpa<\/p>\n<p>Cate Blanchett wurde als \u201eBeste Schauspielerin International\u201c ausgezeichnet und verriet bei der Bambi-Verleihung, wie ihr Leben abseits der Kamera aussieht. N\u00e4mlich gar nicht so glamour\u00f6s, wie man vielleicht meinen k\u00f6nnte: \u201eIch schwimme viel, ich gehe viel spazieren. Ich lebe auf dem Land und wir haben drei Hunde, H\u00fchner, Ziegen, Schafe. Also k\u00fcmmere ich mich um die Tiere\u201c, erz\u00e4hlte Blanchett. \u201eIch habe jetzt mit der Gartenarbeit angefangen. Darin finde ich Trost und ich fange an, Geduld zu lernen.\u201c<\/p>\n<p>Noch mehr sch\u00f6ne Bambi-Momente<img decoding=\"async\" width=\"992\" height=\"661\" alt=\"So herzlich lachen Bambi-Gewinnerinnen: Heidi Klum (52, v.l.), Cate Blanchett (56), Cher (79) und Mala Emde (29)\" src=\"https:\/\/www.europesays.com\/de\/wp-content\/uploads\/2025\/11\/6725e9eb54075b3cc6dbd87684ab289c,bd1bd615\"   class=\"dynamic\" loading=\"lazy\"\/><\/p>\n<p class=\"fig__caption__text\">So herzlich lachen Bambi-Gewinnerinnen: Heidi Klum (52, v.l.), Cate Blanchett, Cher (79) und Mala Emde (29)<\/p>\n<p>Foto: Peter Kneffel\/dpa<\/p>\n<p><img decoding=\"async\" width=\"992\" height=\"1280\" alt=\"Hatten viel zu lachen: die Zwillinge Tom und Bill Kaulitz (36)\" src=\"https:\/\/www.europesays.com\/de\/wp-content\/uploads\/2025\/11\/a0a32de35ac6c12f845867de61612d3f,f3507079\"   class=\"dynamic\" loading=\"lazy\"\/><\/p>\n<p class=\"fig__caption__text\">Hatten ebenfalls viel zu lachen: die Zwillinge Tom und Bill Kaulitz (36)<\/p>\n<p>Foto: Getty Images<\/p>\n<p><img decoding=\"async\" width=\"992\" height=\"1909\" alt=\"Die Gute Laune beim Bambi war riesig \u2013 davon lie\u00df sich auch Palina Rojinski (40) anstecken\" src=\"https:\/\/www.europesays.com\/de\/wp-content\/uploads\/2025\/11\/0ceb017111f2464f7aac093cbf3f668c,852f9db5\"   class=\"dynamic\" loading=\"lazy\"\/><\/p>\n<p class=\"fig__caption__text\">Die Gute Laune beim Bambi war riesig \u2013 davon lie\u00df sich auch Palina Rojinski (40) anstecken<\/p>\n<p>Foto: Getty Images<\/p>\n<p><img decoding=\"async\" width=\"992\" height=\"1471\" alt=\"Roland Kaiser (73) bekam den Bambi f\u00fcr sein Lebenswerk \u2013\u00a0das ist aber noch lange nicht vollendet\" src=\"https:\/\/www.europesays.com\/de\/wp-content\/uploads\/2025\/11\/5a651060cf64961ae02269d881dabbfe,e34a85da\"   class=\"dynamic\" loading=\"lazy\"\/><\/p>\n<p class=\"fig__caption__text\">Roland Kaiser (73) bekam den Bambi f\u00fcr sein Lebenswerk \u2013\u00a0das ist aber noch lange nicht vollendet<\/p>\n<p>Foto: Getty Images<\/p>\n<p><img decoding=\"async\" width=\"992\" height=\"1218\" alt=\"Heidi, heute hat Naomi Campbell (55) ein K\u00fcsschen f\u00fcr dich! Die Laufsteg-Ikone hielt die Laudatio f\u00fcr Klum\" src=\"https:\/\/www.europesays.com\/de\/wp-content\/uploads\/2025\/11\/2b78a24b9f0fb7c865a92940c66135b8,67459aa0\"   class=\"dynamic\" loading=\"lazy\"\/><\/p>\n<p class=\"fig__caption__text\">Heidi, heute hat Naomi Campbell (55) ein K\u00fcsschen f\u00fcr dich! Die Laufsteg-Ikone hielt die Laudatio f\u00fcr Klum <\/p>\n<p>Foto: Agency People Image<\/p>\n<p>Nur ER sorgte f\u00fcr Irritationen<img decoding=\"async\" width=\"992\" height=\"661\" alt=\"Thomas Gottschalk (75) freute sich \u00fcber die Begegnung mit Cher (79), die von ihm den Bambi als \u201eLegende\u201c bekam. Bei seiner Laudatio auf die S\u00e4ngerin sorgte der Entertainer allerdings f\u00fcr Irritationen im Saal: \u201eDu bist die einzige Frau, die ich je ernst genommen habe\u201c \u2013 f\u00fcr diesen Spruch kassierte er vereinzelt Buh-Rufe\" src=\"https:\/\/www.europesays.com\/de\/wp-content\/uploads\/2025\/11\/5e2a7eeea1ef209354355fab489ece2e,729e39ac\"   class=\"dynamic\" loading=\"lazy\"\/><\/p>\n<p class=\"fig__caption__text\">Thomas Gottschalk (75) freute sich \u00fcber die Begegnung mit Cher, die von ihm den Bambi als \u201eLegende\u201c bekam<\/p>\n<p>Foto: Peter Kneffel\/dpa<\/p>\n<p>Ausgerechnet Thomas Gottschalk hat bei der Bambi-Verleihung f\u00fcr Irritationen gesorgt. Der Entertainer wirkte bei der \u00dcbergabe des Preises an Megastar Cher fahrig, verhaspelte sich, sprach auffallend langsam und nicht immer zusammenh\u00e4ngend. Einmal stellte er sich sogar vor die Preistr\u00e4gerin &#8211; fragte sie dann aber doch, ob sie etwas sagen wolle. <\/p>\n<p>Mehr zum Thema<\/p>\n<p>Bei seiner Laudatio auf die S\u00e4ngerin sagte er: \u201eDu bist die einzige Frau, die ich je ernst genommen habe\u201c \u2013 f\u00fcr diesen Spruch kassierte Gottschalk vereinzelt sogar Buh-Rufe<\/p>\n<p>Die S\u00e4ngerin war als \u201eLegende\u201c mit dem Bambi ausgezeichnet worden. Sie kennt Gottschalk von mehreren Besuchen in seiner fr\u00fcheren ZDF-Show \u201eWetten, dass..?\u201c<\/p>\n<p>Chers Auszeichnung war der letzte Programmpunkt vor dem Ende der Verleihung, aber noch nicht das Ende der Nacht.<\/p>\n<p>RONZHEIMER. Der Podcast zum Nachh\u00f6ren<\/p>\n<p> An dieser Stelle findest du Inhalte von Drittanbietern <\/p>\n<p> Um mit Inhalten von Drittanbietern zu interagieren oder diese darzustellen, brauchen wir deine Zustimmung. <\/p>\n<p> externen Inhalt aktivieren  Um eingebettete Inhalte anzuzeigen, ist Ihre jederzeit widerrufliche Einwilligung (\u00fcber den Schalter oder \u00fcber &#8220; <a class=\"embed-placeholder__text-link\" href=\"#\" rel=\"noopener noreferrer\" title=\"Tracking widerrufen\"> Widerruf Tracking und Cookies<\/a> &#8220; am Seitenende) zur Verarbeitung personenbezogener Daten n\u00f6tig.  Dabei k\u00f6nnen Daten in Drittl\u00e4nder wie die USA \u00fcbermittelt werden (Art. 49 Abs. 1 lit. a DSGVO). Mit dem Aktivieren des Inhalts stimmen Sie zu. Weitere Infos finden Sie <a class=\"embed-placeholder__text-link\" href=\"#\" rel=\"noopener noreferrer\" title=\"Zu den Privatsph\u00e4re Einstellungen\"> hier<\/a>. <\/p>\n","protected":false},"excerpt":{"rendered":"M\u00fcnchen \u2013 F\u00fcr DIESEN Einsatz musste er sich erst einmal einen Smoking kaufen. BILD-Vize Paul Ronzheimer gewinnt den&hellip;\n","protected":false},"author":2,"featured_media":552676,"comment_status":"","ping_status":"","sticky":false,"template":"","format":"standard","meta":{"footnotes":""},"categories":[155],"tags":[1737,1738,29,214,1736,30,45,215],"class_list":{"0":"post-573730","1":"post","2":"type-post","3":"status-publish","4":"format-standard","5":"has-post-thumbnail","7":"category-unterhaltung","8":"tag-breaking-news","9":"tag-desk-delta","10":"tag-deutschland","11":"tag-entertainment","12":"tag-fb-instantarticles","13":"tag-germany","14":"tag-texttospeech","15":"tag-unterhaltung"},"share_on_mastodon":{"url":"https:\/\/pubeurope.com\/@de\/115545354669048216","error":""},"_links":{"self":[{"href":"https:\/\/www.europesays.com\/de\/wp-json\/wp\/v2\/posts\/573730","targetHints":{"allow":["GET"]}}],"collection":[{"href":"https:\/\/www.europesays.com\/de\/wp-json\/wp\/v2\/posts"}],"about":[{"href":"https:\/\/www.europesays.com\/de\/wp-json\/wp\/v2\/types\/post"}],"author":[{"embeddable":true,"href":"https:\/\/www.europesays.com\/de\/wp-json\/wp\/v2\/users\/2"}],"replies":[{"embeddable":true,"href":"https:\/\/www.europesays.com\/de\/wp-json\/wp\/v2\/comments?post=573730"}],"version-history":[{"count":0,"href":"https:\/\/www.europesays.com\/de\/wp-json\/wp\/v2\/posts\/573730\/revisions"}],"wp:featuredmedia":[{"embeddable":true,"href":"https:\/\/www.europesays.com\/de\/wp-json\/wp\/v2\/media\/552676"}],"wp:attachment":[{"href":"https:\/\/www.europesays.com\/de\/wp-json\/wp\/v2\/media?parent=573730"}],"wp:term":[{"taxonomy":"category","embeddable":true,"href":"https:\/\/www.europesays.com\/de\/wp-json\/wp\/v2\/categories?post=573730"},{"taxonomy":"post_tag","embeddable":true,"href":"https:\/\/www.europesays.com\/de\/wp-json\/wp\/v2\/tags?post=573730"}],"curies":[{"name":"wp","href":"https:\/\/api.w.org\/{rel}","templated":true}]}}