{"id":573808,"date":"2025-11-14T01:46:27","date_gmt":"2025-11-14T01:46:27","guid":{"rendered":"https:\/\/www.europesays.com\/de\/573808\/"},"modified":"2025-11-14T01:46:27","modified_gmt":"2025-11-14T01:46:27","slug":"handwerkskammer-dresden-ehrt-325-neue-handwerksmeister","status":"publish","type":"post","link":"https:\/\/www.europesays.com\/de\/573808\/","title":{"rendered":"Handwerkskammer Dresden ehrt 325 neue Handwerksmeister"},"content":{"rendered":"<p>Die Handwerkskammer Dresden ehrt am 22. November eine neue Generation an Handwerksmeistern. In der Messe Dresden erhalten 325 Frauen und M\u00e4nner ihre Meisterbriefe. Das teilte die Handwerkskammer am Donnerstag mit.<\/p>\n<p>In diesem Jahr haben 55 Frauen und 270 M\u00e4nner im Kammerbezirk Dresden erfolgreich ein Meisterstudium absolviert und sind damit bestens auf die Zukunft vorbereitet. Unter dem Motto \u201eMeister 2025: Wir k\u00f6nnen alles, was kommt.\u201c steht die Handwerkskammer Dresden im Mittelpunkt der traditionellen Meisterfeier, die zahlreiche G\u00e4ste aus Wirtschaft, Politik und Gesellschaft anzieht.<\/p>\n<p>Festredner der Veranstaltung ist der Arzt, Wissenschaftler und Bestseller-Autor Prof. Dr. Volker Busch, der zum Thema \u201eDigitale Herausforderungen mit mentaler St\u00e4rke meistern\u201c spricht. Der Anlass wird zudem von Sachsens Ministerpr\u00e4sident Michael Kretschmer und Radebeuls Oberb\u00fcrgermeister sowie Pr\u00e4sident des S\u00e4chsischen St\u00e4dte- und Gemeindetages, Bert Wendsche, er\u00f6ffnet.<\/p>\n<p>Die neuen Meister vertreten insgesamt 26 Handwerksberufe, darunter B\u00e4cker, Kraftfahrzeugtechniker, Metallbauer, Maler und Lackierer, Orthop\u00e4dieschuhmacher, Raumausstatter, Tischler und Zimmerer.\u00a0<\/p>\n","protected":false},"excerpt":{"rendered":"Die Handwerkskammer Dresden ehrt am 22. November eine neue Generation an Handwerksmeistern. In der Messe Dresden erhalten 325&hellip;\n","protected":false},"author":2,"featured_media":573809,"comment_status":"","ping_status":"","sticky":false,"template":"","format":"standard","meta":{"footnotes":""},"categories":[1835],"tags":[3364,29,1081,2386,30,617,16782,69696,26634,859],"class_list":{"0":"post-573808","1":"post","2":"type-post","3":"status-publish","4":"format-standard","5":"has-post-thumbnail","7":"category-dresden","8":"tag-de","9":"tag-deutschland","10":"tag-digitalisierung","11":"tag-dresden","12":"tag-germany","13":"tag-handwerk","14":"tag-handwerkskammer","15":"tag-handwerksmeister","16":"tag-meisterfeier","17":"tag-sachsen"},"share_on_mastodon":{"url":"https:\/\/pubeurope.com\/@de\/115545530978344322","error":""},"_links":{"self":[{"href":"https:\/\/www.europesays.com\/de\/wp-json\/wp\/v2\/posts\/573808","targetHints":{"allow":["GET"]}}],"collection":[{"href":"https:\/\/www.europesays.com\/de\/wp-json\/wp\/v2\/posts"}],"about":[{"href":"https:\/\/www.europesays.com\/de\/wp-json\/wp\/v2\/types\/post"}],"author":[{"embeddable":true,"href":"https:\/\/www.europesays.com\/de\/wp-json\/wp\/v2\/users\/2"}],"replies":[{"embeddable":true,"href":"https:\/\/www.europesays.com\/de\/wp-json\/wp\/v2\/comments?post=573808"}],"version-history":[{"count":0,"href":"https:\/\/www.europesays.com\/de\/wp-json\/wp\/v2\/posts\/573808\/revisions"}],"wp:featuredmedia":[{"embeddable":true,"href":"https:\/\/www.europesays.com\/de\/wp-json\/wp\/v2\/media\/573809"}],"wp:attachment":[{"href":"https:\/\/www.europesays.com\/de\/wp-json\/wp\/v2\/media?parent=573808"}],"wp:term":[{"taxonomy":"category","embeddable":true,"href":"https:\/\/www.europesays.com\/de\/wp-json\/wp\/v2\/categories?post=573808"},{"taxonomy":"post_tag","embeddable":true,"href":"https:\/\/www.europesays.com\/de\/wp-json\/wp\/v2\/tags?post=573808"}],"curies":[{"name":"wp","href":"https:\/\/api.w.org\/{rel}","templated":true}]}}