{"id":573862,"date":"2025-11-14T02:15:48","date_gmt":"2025-11-14T02:15:48","guid":{"rendered":"https:\/\/www.europesays.com\/de\/573862\/"},"modified":"2025-11-14T02:15:48","modified_gmt":"2025-11-14T02:15:48","slug":"der-tag-ariana-grande-bei-filmpremiere-von-mann-angegriffen","status":"publish","type":"post","link":"https:\/\/www.europesays.com\/de\/573862\/","title":{"rendered":"Der Tag: Ariana Grande bei Filmpremiere von Mann angegriffen"},"content":{"rendered":"<p>Der TagAriana Grande bei Filmpremiere von Mann angegriffenTeilenFolgen auf:<a href=\"https:\/\/www.whatsapp.com\/channel\/0029Va5cdVJD8SDp5YZgYF01\" title=\"Auf WhatsApp folgen\" target=\"_blank\" rel=\"nofollow noopener\"><img decoding=\"async\" src=\"https:\/\/www.n-tv.de\/socialIcons\/whatsapp.svg\" alt=\"whatsapp\" class=\"ArticleShare_icon__FsrC2\"\/><\/a><a href=\"https:\/\/news.google.com\/publications\/CAAiEPMdif5mpRNxiLOeUpHCwwsqFAgKIhDzHYn-ZqUTcYiznlKRwsML?hl=de&amp;gl=DE&amp;ceid=DE%3Ade\" title=\"Auf Google News folgen\" target=\"_blank\" rel=\"nofollow noopener\"><img decoding=\"async\" src=\"https:\/\/www.n-tv.de\/socialIcons\/google.svg\" alt=\"whatsapp\" class=\"ArticleShare_icon__FsrC2\"\/><\/a><\/p>\n<p class=\"Typography_text-default__P3otY Typography_weight-normal__pqUbH storyline_paragraph_p__qSR5N\">Es sollte ein sch\u00f6ner Abend werden, doch dann geht alles ganz schnell: Bei einer Premierenfeier in Singapur ist die US-Schauspielerin und S\u00e4ngerin <b class=\"bold\">Ariana Grande von einem Mann angegriffen <\/b>worden. US-Medien posteten Videos von dem Vorfall, bei dem Grande <b class=\"bold\">mit dem Schrecken davonkam<\/b>. Zu sehen ist, wie ein Mann in wei\u00dfem Hemd und Shorts auf den gelben Premieren-Teppich l\u00e4uft, auf Grande zust\u00fcrmt, den Star an den Schultern packt und einen Arm um sie legt. Die Schauspielerin ist sichtlich geschockt. Grande<b class=\"bold\">s &#8222;Wicked&#8220;-Kollegin Cynthia Erivo reagiert sofort<\/b> und dr\u00e4ngt den Angreifer zur Seite. Dann greift auch Sicherheitspersonal ein. Bei dem Event waren unter anderem auch die Co-Stars Michelle Yeoh, Jeff Goldblum und Regisseur Jon M. Chu dabei.<\/p>\n<p class=\"Typography_text-default__P3otY Typography_weight-normal__pqUbH storyline_paragraph_p__qSR5N\">Der Angreifer wurde laut &#8222;People.com&#8220; und &#8222;Variety&#8220; schnell identifiziert. Er gibt sich selbst in seinen sozialen Medien unter dem Namen<b class=\"bold\"> &#8222;Pyjama Man&#8220; als Troll<\/b> aus. Auf Instagram postete er selbstbeweihr\u00e4uchernd und unreflektiert ein Video von dem Vorfall und schrieb dazu: &#8222;Liebe Ariana Grande, Danke, dass ich zu dir auf den gelben Teppich springen durfte&#8220;. Der Mann ist demnach bei fr\u00fcheren Promi-Events schon als St\u00f6renfried aufgefallen.<\/p>\n<p class=\"Typography_text-s__wu_cm Typography_weight-normal__pqUbH Typography_color-darkgrey__sZEnP article-detail-footer_source__KslPc\">Quelle: ntv.de<\/p>\n","protected":false},"excerpt":{"rendered":"Der TagAriana Grande bei Filmpremiere von Mann angegriffenTeilenFolgen auf: Es sollte ein sch\u00f6ner Abend werden, doch dann geht&hellip;\n","protected":false},"author":2,"featured_media":573863,"comment_status":"","ping_status":"","sticky":false,"template":"","format":"standard","meta":{"footnotes":""},"categories":[1776],"tags":[1801,29,214,30,1802,215],"class_list":{"0":"post-573862","1":"post","2":"type-post","3":"status-publish","4":"format-standard","5":"has-post-thumbnail","7":"category-prominente","8":"tag-celebrities","9":"tag-deutschland","10":"tag-entertainment","11":"tag-germany","12":"tag-prominente","13":"tag-unterhaltung"},"share_on_mastodon":{"url":"https:\/\/pubeurope.com\/@de\/115545649868304232","error":""},"_links":{"self":[{"href":"https:\/\/www.europesays.com\/de\/wp-json\/wp\/v2\/posts\/573862","targetHints":{"allow":["GET"]}}],"collection":[{"href":"https:\/\/www.europesays.com\/de\/wp-json\/wp\/v2\/posts"}],"about":[{"href":"https:\/\/www.europesays.com\/de\/wp-json\/wp\/v2\/types\/post"}],"author":[{"embeddable":true,"href":"https:\/\/www.europesays.com\/de\/wp-json\/wp\/v2\/users\/2"}],"replies":[{"embeddable":true,"href":"https:\/\/www.europesays.com\/de\/wp-json\/wp\/v2\/comments?post=573862"}],"version-history":[{"count":0,"href":"https:\/\/www.europesays.com\/de\/wp-json\/wp\/v2\/posts\/573862\/revisions"}],"wp:featuredmedia":[{"embeddable":true,"href":"https:\/\/www.europesays.com\/de\/wp-json\/wp\/v2\/media\/573863"}],"wp:attachment":[{"href":"https:\/\/www.europesays.com\/de\/wp-json\/wp\/v2\/media?parent=573862"}],"wp:term":[{"taxonomy":"category","embeddable":true,"href":"https:\/\/www.europesays.com\/de\/wp-json\/wp\/v2\/categories?post=573862"},{"taxonomy":"post_tag","embeddable":true,"href":"https:\/\/www.europesays.com\/de\/wp-json\/wp\/v2\/tags?post=573862"}],"curies":[{"name":"wp","href":"https:\/\/api.w.org\/{rel}","templated":true}]}}