{"id":573912,"date":"2025-11-14T02:52:22","date_gmt":"2025-11-14T02:52:22","guid":{"rendered":"https:\/\/www.europesays.com\/de\/573912\/"},"modified":"2025-11-14T02:52:22","modified_gmt":"2025-11-14T02:52:22","slug":"polizei-bielefeld-sucht-zeugen-fuer-saeuglingsfund-in-schildesche","status":"publish","type":"post","link":"https:\/\/www.europesays.com\/de\/573912\/","title":{"rendered":"Polizei Bielefeld sucht Zeugen f\u00fcr S\u00e4uglingsfund in Schildesche"},"content":{"rendered":"<p>Die Polizei Bielefeld bittet weiterhin um Mithilfe der Bev\u00f6lkerung im Fall eines aufgefundenen S\u00e4uglings im Gebiet der Stra\u00dfe Im Bracksiek und des Parks in Schildesche. Trotz eines Zeugenaufrufs hat die Kriminalpolizei bisher nur wenige Hinweise erhalten.<\/p>\n<p>Fragen nach verd\u00e4chtigen Beobachtungen<\/p>\n<p>Die Polizei fragt nach Personen, die Informationen \u00fcber eine Frau haben k\u00f6nnten, die bis September oder Anfang Oktober schwanger war oder eine Schwangerschaft vermuten lie\u00df, nun aber kein Baby vorzeigen kann. Au\u00dferdem sucht sie nach Beobachtungen einer auff\u00e4llig gekleideten Frau, die m\u00f6glicherweise versucht hat, eine Schwangerschaft zu verstecken.<\/p>\n<p>Zeugenaufruf f\u00fcr Samstagabend, 4. Oktober 2025<\/p>\n<p>Insbesondere Zeugen, die am Samstag, den 4. Oktober 2025, gegen 21:30 Uhr im Bereich des Schildescher Parks oder der umliegenden Stra\u00dfenz\u00fcge Beobachtungen gemacht haben, werden dringend gebeten, sich zu melden. Auch die Eltern des Kindes werden aufgefordert, Kontakt aufzunehmen.<\/p>\n<p>Wer Hinweise geben kann, wird gebeten, sich beim Kriminalkommissariat 11 unter der Telefonnummer 0521-545 0 zu melden.<\/p>\n","protected":false},"excerpt":{"rendered":"Die Polizei Bielefeld bittet weiterhin um Mithilfe der Bev\u00f6lkerung im Fall eines aufgefundenen S\u00e4uglings im Gebiet der Stra\u00dfe&hellip;\n","protected":false},"author":2,"featured_media":573913,"comment_status":"","ping_status":"","sticky":false,"template":"","format":"standard","meta":{"footnotes":""},"categories":[1841],"tags":[1605,3364,29,30,4577,1209,121,29696,4578],"class_list":{"0":"post-573912","1":"post","2":"type-post","3":"status-publish","4":"format-standard","5":"has-post-thumbnail","7":"category-bielefeld","8":"tag-bielefeld","9":"tag-de","10":"tag-deutschland","11":"tag-germany","12":"tag-kriminalpolizei","13":"tag-nordrhein-westfalen","14":"tag-polizei","15":"tag-schildesche","16":"tag-zeugenaufruf"},"share_on_mastodon":{"url":"https:\/\/pubeurope.com\/@de\/115545790639376001","error":""},"_links":{"self":[{"href":"https:\/\/www.europesays.com\/de\/wp-json\/wp\/v2\/posts\/573912","targetHints":{"allow":["GET"]}}],"collection":[{"href":"https:\/\/www.europesays.com\/de\/wp-json\/wp\/v2\/posts"}],"about":[{"href":"https:\/\/www.europesays.com\/de\/wp-json\/wp\/v2\/types\/post"}],"author":[{"embeddable":true,"href":"https:\/\/www.europesays.com\/de\/wp-json\/wp\/v2\/users\/2"}],"replies":[{"embeddable":true,"href":"https:\/\/www.europesays.com\/de\/wp-json\/wp\/v2\/comments?post=573912"}],"version-history":[{"count":0,"href":"https:\/\/www.europesays.com\/de\/wp-json\/wp\/v2\/posts\/573912\/revisions"}],"wp:featuredmedia":[{"embeddable":true,"href":"https:\/\/www.europesays.com\/de\/wp-json\/wp\/v2\/media\/573913"}],"wp:attachment":[{"href":"https:\/\/www.europesays.com\/de\/wp-json\/wp\/v2\/media?parent=573912"}],"wp:term":[{"taxonomy":"category","embeddable":true,"href":"https:\/\/www.europesays.com\/de\/wp-json\/wp\/v2\/categories?post=573912"},{"taxonomy":"post_tag","embeddable":true,"href":"https:\/\/www.europesays.com\/de\/wp-json\/wp\/v2\/tags?post=573912"}],"curies":[{"name":"wp","href":"https:\/\/api.w.org\/{rel}","templated":true}]}}