{"id":573921,"date":"2025-11-14T02:57:17","date_gmt":"2025-11-14T02:57:17","guid":{"rendered":"https:\/\/www.europesays.com\/de\/573921\/"},"modified":"2025-11-14T02:57:17","modified_gmt":"2025-11-14T02:57:17","slug":"russland-in-phase-0-eines-moeglichen-angriffs-im-baltikum","status":"publish","type":"post","link":"https:\/\/www.europesays.com\/de\/573921\/","title":{"rendered":"Russland in Phase 0 eines m\u00f6glichen Angriffs im Baltikum"},"content":{"rendered":"<p>&#8222;Phase 0&#8220; <\/p>\n<p>Bereitet Russland den Boden f\u00fcr einen Angriff aufs Baltikum?<\/p>\n<p>14.11.2025 &#8211; 01:04 UhrLesedauer: 3 Min.<\/p>\n<p><a href=\"#focus-0\" class=\"transition-colors duration-200 block text-current relative\" data-sctrack=\"FocusGalleryImage.Reference\"><img fetchpriority=\"high\" data-testid=\"Opener.Image\" style=\"--lqipURL:url('https:\/\/images.t-online.de\/2025\/11\/2ouQh8tn2YPH\/0x209:4000x2250\/fit-in\/150x0\/filters:blur(25)\/russia-donetsk-people-s-republic-june-11-2025-a-serviceman-of-the-30th-separate-guards-motorised-rifle-brigade-tsentr-centre-group-of-the-russian-armed-forces-undergoes-training-to-counter-uavs-dmitry-yagodkin-tass-publicationxinxgerxautxonly-81589204.jpg')\"   loading=\"eager\" src=\"https:\/\/www.europesays.com\/de\/wp-content\/uploads\/2025\/11\/russia-donetsk-people-s-republic-june-11-2025-a-serviceman-of-the-30th-separate-guards-motorised-rif.jpeg\" alt=\"imago images 0822105426\" title=\"imago images 0822105426\" width=\"4000\" height=\"2250\" class=\"bg-[url:var(--lqipURL)] bg-cover bg-center flex h-full w-full max-w-full\" decoding=\"async\"\/><img style=\"--width:32;--height:32\" loading=\"lazy\" src=\"https:\/\/www.t-online.de\/s\/paper\/_next\/static\/media\/zoom-in.f7dae02f.svg\" alt=\"Vergr\u00f6\u00dfern des Bildes\" title=\"Vergr\u00f6\u00dfern des Bildes\" class=\"block h-[calc(var(--height)_\/_16_*_1rem)] w-[calc(var(--width)_\/_16_*_1rem)] max-w-none absolute bottom-8 right-8 rounded-4 bg-snow p-8\" decoding=\"async\"\/><\/a><\/p>\n<p>Russische Soldaten beim Training: K\u00f6nnte dem Baltikum ein \u00e4hnliches Schicksal drohen wie der Ukraine? (Symbolbild) (Quelle: IMAGO\/Dmitry Yagodkin\/imago)<\/p>\n<p class=\"font-bold text-18 leading-17\">Russland macht den baltischen Staaten schwere Vorw\u00fcrfe. Das amerikanische ISW sieht Parallelen zum Ukraine-Krieg.<\/p>\n<p class=\"text-18 leading-17\">Das amerikanische Institut f\u00fcr Kriegsstudien (ISW) sieht Anzeichen f\u00fcr eine Vorbereitung eines milit\u00e4rischen Konflikts zwischen <a class=\"transition-colors duration-200 cursor-pointer text-inherit no-underline text-salemsfur md:hover:text-magenta md:hover:border-magenta md:focus:text-magenta border-current border-b border-solid break-words\" href=\"https:\/\/www.t-online.de\/themen\/russland\/\" data-sctrack=\"BodyAnchor\" target=\"_blank\" rel=\"noopener\">Russland<\/a> und dem Baltikum. In einer Analyse gehen die Wissenschaftler des Instituts davon aus, dass Russland eine &#8222;Phase 0&#8220; begonnen habe. Ein direkter Angriff stehe aber nicht bevor.<\/p>\n<p class=\"text-18 leading-17\">Ein milit\u00e4rischer Angriff auf die baltischen Staaten w\u00e4re \u2013 anders als die Invasion der <a class=\"transition-colors duration-200 cursor-pointer text-inherit no-underline text-salemsfur md:hover:text-magenta md:hover:border-magenta md:focus:text-magenta border-current border-b border-solid break-words\" href=\"https:\/\/www.t-online.de\/themen\/ukraine\/\" data-sctrack=\"BodyAnchor\" target=\"_blank\" rel=\"noopener\">Ukraine<\/a> \u2013 ein direkter Angriff auf die <a class=\"transition-colors duration-200 cursor-pointer text-inherit no-underline text-salemsfur md:hover:text-magenta md:hover:border-magenta md:focus:text-magenta border-current border-b border-solid break-words\" href=\"https:\/\/www.t-online.de\/themen\/nato\/\" data-sctrack=\"BodyAnchor\" target=\"_blank\" rel=\"noopener\">Nato<\/a>. Experten wie von GIS, einer Firma f\u00fcr globale Risikoeinsch\u00e4tzungen, sehen schon l\u00e4nger die M\u00f6glichkeit einer russischen Invasion. &#8222;J\u00fcngste Geheimdienstinformationen deuten darauf hin, dass Russland einen Angriff auf die Nato vorbereitet, obwohl der Krieg in der Ukraine noch andauert&#8220;, hie\u00df es in einer Einsch\u00e4tzung der Firma im Juli.<\/p>\n<p class=\"text-18 leading-17\">In einer &#8222;Phase 0&#8220; werden Ma\u00dfnahmen ergriffen, die entweder einen Konflikt verhindern sollen oder aber einen Konflikt mit dem Aufbau von Netzwerken und Desinformationskampagnen vorbereiten. Nach Ansicht des ISW gibt es Parallelen zwischen j\u00fcngsten Aussagen des russischen Au\u00dfenministers Sergej Lawrow und einer russischen Desinformationskampagne vor dem \u00dcberfall auf die Ukraine.<\/p>\n<p class=\"text-18 leading-17\">So habe Lawrow am 11. November in einem Interview mit Reportern russischer Medien gleich mehrfach Redewendungen verwendet, die schon zuvor von russischer Seite \u00fcber kremlfreundliche Propagandakan\u00e4le auf Telegram und in sozialen Medien verbreitet wurden. Der Minister beschuldigte die baltischen Staaten Estland, <a class=\"transition-colors duration-200 cursor-pointer text-inherit no-underline text-salemsfur md:hover:text-magenta md:hover:border-magenta md:focus:text-magenta border-current border-b border-solid break-words\" href=\"https:\/\/www.t-online.de\/themen\/litauen\/\" data-sctrack=\"BodyAnchor\" target=\"_blank\" rel=\"noopener\">Litauen<\/a> und <a class=\"transition-colors duration-200 cursor-pointer text-inherit no-underline text-salemsfur md:hover:text-magenta md:hover:border-magenta md:focus:text-magenta border-current border-b border-solid break-words\" href=\"https:\/\/www.t-online.de\/themen\/lettland\/\" data-sctrack=\"BodyAnchor\" target=\"_blank\" rel=\"noopener\">Lettland<\/a> &#8222;russlandfeindlich&#8220; zu sein, dass russischsprachige Bewohner diskriminiert w\u00fcrden und dass man Abkommen mit Russland missachte. Welche Abkommen gemeint waren, sagte er nicht. Er nannte die baltischen Staaten &#8222;Marionetten Gro\u00dfbritanniens&#8220; und deutete an, dass die L\u00e4nder weniger Europa als vielmehr Russland zugeh\u00f6rig seien.<\/p>\n<p class=\"text-18 leading-17\">Lawrow bezeichnete die baltischen Staaten au\u00dferdem als Bedrohung f\u00fcr Russland und behauptete, dass &#8222;einige Pers\u00f6nlichkeiten&#8220; in der Europ\u00e4ischen Union die baltischen Staaten &#8222;anstacheln&#8220;, indem sie andeuten, dass das Gebiet Kaliningrad &#8222;dem Erdboden gleichgemacht&#8220; werden k\u00f6nnte. &#8222;Der Kreml hat bereits zuvor \u00e4hnliche Informationslinien gegen die baltischen Staaten verwendet, aber es ist bemerkenswert, dass Lawrow sie alle zusammen in einer einzigen Erkl\u00e4rung pr\u00e4sentiert hat&#8220;, so das ISW.<\/p>\n<p class=\"text-18 leading-17\">Die Anschuldigungen \u00e4hneln denen, die Russland gegen die Ukraine sowohl beim Angriff auf die Krim 2014 als auch bei der Invasion 2022 verwendete. Russland hatte der Ukraine wiederholt wahrheitswidrig vorgeworfen, von einem Naziregime beherrscht zu werden. Der Kreml behauptete auch mehrmals, dass man die Region Donbass &#8222;befreien&#8220; wolle. Als Grund wurde angegeben, dass die russisch sprechende Bev\u00f6lkerung verfolgt werde. Au\u00dferdem warf Russland der Ukraine vor, ein Sprungbrett der Nato sein zu wollen. Die Ukraine war zu diesem Zeitpunkt nicht in Beitrittsverhandlungen mit der Nato.<\/p>\n<p class=\"text-18 leading-17\">&#8222;Die \u00c4u\u00dferungen von Lawrow vom 11. November sind die Fortsetzung der laufenden Bem\u00fchungen des Kremls, die Informationslage f\u00fcr einen m\u00f6glichen k\u00fcnftigen Angriff auf einen oder alle baltischen Staaten zu schaffen. Sie sind somit Teil der laufenden russischen Phase-Zero-Operationen zur Vorbereitung auf einen m\u00f6glichen Krieg zwischen der Nato und Russland in der Zukunft&#8220; sch\u00e4tzt das ISW ein. Es schr\u00e4nkt aber ein, dass es bislang keine Anzeichen f\u00fcr einen unmittelbar bevorstehenden Angriff gibt und solche Phase 0-Operationen mehrere Jahre dauern k\u00f6nnen.<\/p>\n","protected":false},"excerpt":{"rendered":"&#8222;Phase 0&#8220; Bereitet Russland den Boden f\u00fcr einen Angriff aufs Baltikum? 14.11.2025 &#8211; 01:04 UhrLesedauer: 3 Min. Russische&hellip;\n","protected":false},"author":2,"featured_media":573922,"comment_status":"","ping_status":"","sticky":false,"template":"","format":"standard","meta":{"footnotes":""},"categories":[4013],"tags":[1217,331,332,14979,13,4045,5020,138221,14,1159,15,30725,4043,4044,850,307,12,14189,317,312],"class_list":{"0":"post-573921","1":"post","2":"type-post","3":"status-publish","4":"format-standard","5":"has-post-thumbnail","7":"category-russland","8":"tag-1217","9":"tag-aktuelle-nachrichten","10":"tag-aktuelle-news","11":"tag-baltikum","12":"tag-headlines","13":"tag-konflikt","14":"tag-kreml","15":"tag-kriegsstudie","16":"tag-nachrichten","17":"tag-nato","18":"tag-news","19":"tag-parallele","20":"tag-russia","21":"tag-russian-federation","22":"tag-russische-foederation","23":"tag-russland","24":"tag-schlagzeilen","25":"tag-sergej-lawrow","26":"tag-ukraine","27":"tag-ukrainekrieg"},"share_on_mastodon":{"url":"https:\/\/pubeurope.com\/@de\/115545811001816601","error":""},"_links":{"self":[{"href":"https:\/\/www.europesays.com\/de\/wp-json\/wp\/v2\/posts\/573921","targetHints":{"allow":["GET"]}}],"collection":[{"href":"https:\/\/www.europesays.com\/de\/wp-json\/wp\/v2\/posts"}],"about":[{"href":"https:\/\/www.europesays.com\/de\/wp-json\/wp\/v2\/types\/post"}],"author":[{"embeddable":true,"href":"https:\/\/www.europesays.com\/de\/wp-json\/wp\/v2\/users\/2"}],"replies":[{"embeddable":true,"href":"https:\/\/www.europesays.com\/de\/wp-json\/wp\/v2\/comments?post=573921"}],"version-history":[{"count":0,"href":"https:\/\/www.europesays.com\/de\/wp-json\/wp\/v2\/posts\/573921\/revisions"}],"wp:featuredmedia":[{"embeddable":true,"href":"https:\/\/www.europesays.com\/de\/wp-json\/wp\/v2\/media\/573922"}],"wp:attachment":[{"href":"https:\/\/www.europesays.com\/de\/wp-json\/wp\/v2\/media?parent=573921"}],"wp:term":[{"taxonomy":"category","embeddable":true,"href":"https:\/\/www.europesays.com\/de\/wp-json\/wp\/v2\/categories?post=573921"},{"taxonomy":"post_tag","embeddable":true,"href":"https:\/\/www.europesays.com\/de\/wp-json\/wp\/v2\/tags?post=573921"}],"curies":[{"name":"wp","href":"https:\/\/api.w.org\/{rel}","templated":true}]}}