{"id":573925,"date":"2025-11-14T02:59:19","date_gmt":"2025-11-14T02:59:19","guid":{"rendered":"https:\/\/www.europesays.com\/de\/573925\/"},"modified":"2025-11-14T02:59:19","modified_gmt":"2025-11-14T02:59:19","slug":"todeskandidat-erhaelt-minuten-vor-hinrichtung-den-anruf","status":"publish","type":"post","link":"https:\/\/www.europesays.com\/de\/573925\/","title":{"rendered":"Todeskandidat erh\u00e4lt Minuten vor Hinrichtung den Anruf"},"content":{"rendered":"<p>Hinrichtung abgesagt <\/p>\n<p>Todeskandidat erh\u00e4lt Minuten vor Hinrichtung den Anruf<\/p>\n<p>14.11.2025 &#8211; 03:51 UhrLesedauer: 3 Min.<\/p>\n<p><a href=\"#focus-0\" class=\"transition-colors duration-200 block text-current relative\" data-sctrack=\"FocusGalleryImage.Reference\"><img fetchpriority=\"high\" data-testid=\"Opener.Image\" style=\"--lqipURL:url('https:\/\/images.t-online.de\/2025\/11\/cdqL1uL5FmhR\/0x269:2048x1152\/fit-in\/150x0\/filters:blur(25)\/treman-woods-hinrichtung-wurde-minuten-vor-dem-vollzug-abgesagt.jpg')\"   loading=\"eager\" src=\"https:\/\/www.europesays.com\/de\/wp-content\/uploads\/2025\/11\/treman-woods-hinrichtung-wurde-minuten-vor-dem-vollzug-abgesagt.jpg\" alt=\"Treman Woods' Hinrichtung wurde Minuten vor dem Vollzug abgesagt.\" title=\"Treman Woods' Hinrichtung wurde Minuten vor dem Vollzug abgesagt.\" width=\"2048\" height=\"1152\" class=\"bg-[url:var(--lqipURL)] bg-cover bg-center flex h-full w-full max-w-full\" decoding=\"async\"\/><img style=\"--width:32;--height:32\" loading=\"lazy\" src=\"https:\/\/www.t-online.de\/s\/paper\/_next\/static\/media\/zoom-in.f7dae02f.svg\" alt=\"Vergr\u00f6\u00dfern des Bildes\" title=\"Vergr\u00f6\u00dfern des Bildes\" class=\"block h-[calc(var(--height)_\/_16_*_1rem)] w-[calc(var(--width)_\/_16_*_1rem)] max-w-none absolute bottom-8 right-8 rounded-4 bg-snow p-8\" decoding=\"async\"\/><\/a><\/p>\n<p>Treman Woods&#8216; Hinrichtung wurde Minuten vor dem Vollzug abgesagt. (Quelle: Oklahoma Department of Corrections via AP)<\/p>\n<p class=\"font-bold text-18 leading-17\">Er hatte wohl schon mit dem Leben abgeschlossen. Dann erhielt Todeskandidat Tremane Woods kurz vor seiner Hinrichtung doch noch einen Anruf.<\/p>\n<p class=\"text-18 leading-17\">Es war bereits alles vorbereitet f\u00fcr die Hinrichtung von Treman Woods. Der 46-j\u00e4hrige Todeskandidat sollte am Donnerstagvormittag (Ortszeit) im Oklahoma State Penitentiary in McAlester die Giftspritze erhalten. Woods hatte laut Aussage seines Sohnes mit seinem Leben bereits abgeschlossen. Doch dann geschah das nicht mehr f\u00fcr m\u00f6glich gehaltene. Oklahomas Gouverneur Kevin Stitt rief Woods Anw\u00e4lte an und teilte ihnen mit, dass dem Antrag auf Begnadigung stattgegeben w\u00fcrde. Der Republikaner folgte damit einer entsprechenden Empfehlung des Berufungsausschusses des US-Bundesstaats.<\/p>\n<p class=\"text-18 leading-17\">Der Anruf kam buchst\u00e4blich in letzter Minute. Die Todesstrafe f\u00fcr Woods wird nun in lebenslange Haft, ohne die M\u00f6glichkeit zur Bew\u00e4hrung, umgewandelt. Erhalten hatte er sie f\u00fcr einen <a class=\"transition-colors duration-200 cursor-pointer text-inherit no-underline text-salemsfur md:hover:text-magenta md:hover:border-magenta md:focus:text-magenta border-current border-b border-solid break-words\" href=\"https:\/\/www.t-online.de\/themen\/raubueberfall\/\" data-sctrack=\"BodyAnchor\" target=\"_blank\" rel=\"noopener\">Raub\u00fcberfall<\/a> im Jahr 2002, bei dem der erst 19-j\u00e4hrige Farmarbeiter Ronnie Wipf get\u00f6tet worden war.<\/p>\n<p class=\"text-18 leading-17\">Woods hat nie bestritten, an dem Raub\u00fcberfall beteiligt gewesen zu sein, allerdings habe sein Bruder Zjaiton Wood den jungen Mann aus Montana erstochen. Zjaiton Wood starb 2019 im Gef\u00e4ngnis durch Suizid. Zuvor hatte er vor Gericht einger\u00e4umt, dass er es war, der Wipf get\u00f6tet hatte. Auf dieses Gest\u00e4ndnis berief sich auch die Anw\u00e4ltin von Tremane Woods, Amanda Bass Castro Alves, vor dem Berufungsausschuss.<\/p>\n<p class=\"text-18 leading-17\">Die Staatsanwaltschaft beharrte dennoch darauf, dass Tremane Woods zu Tode gebracht werden sollte. Sie begr\u00fcndete dies damit, dass er auch in der Haft weiterhin durch kriminelles Verhalten auff\u00e4llig geworden sei. Oklahomas Gouverneur Stitt folgte jedoch der Empfehlung eines Bew\u00e4hrungsausschusses, der mit drei zu zwei Stimmen f\u00fcr die Umwandlung der Todesstrafe gestimmt hatte. &#8222;Diese Ma\u00dfnahme entspricht der Strafe, die sein Bruder f\u00fcr den Mord an einem unschuldigen jungen Mann erhalten hat, und gew\u00e4hrleistet eine strenge Bestrafung, die einen gewaltt\u00e4tigen Straft\u00e4ter f\u00fcr immer von der Stra\u00dfe fernh\u00e4lt&#8220;, lie\u00df Stitt mitteilen.<\/p>\n<p class=\"text-18 leading-17\">&#8222;Ich bin kein Monster. Ich bin kein M\u00f6rder&#8220;, hatte Woods w\u00e4hrend einer Videoschalte vor dem Bew\u00e4hrungsausschuss gesagt. &#8222;Das war ich nie und bin ich auch nie gewesen.&#8220; Sein Sohn Brandon, der bereits am Gef\u00e4ngnis in McAlenden eingetroffen war, um der Hinrichtung seines Vaters beizuwohnen, sagte dem &#8222;Guardian&#8220;: &#8222;Ich bin total erleichtert. Es ist, als w\u00e4re mir eine Last von tausend Pfund von den Schultern genommen worden&#8220;.<\/p>\n<p class=\"text-18 leading-17\">Bei aller Dankbarkeit daf\u00fcr, dass sein Vater verschont wurde, machte er den Beh\u00f6rden allerdings auch Vorw\u00fcrfe, die Entscheidung bis zur letzten Minute hinauszuz\u00f6gern. &#8222;Ich glaube, dass ein Mensch, der vollkommen \u00fcberzeugt davon ist, dass er gleich seinen letzten Atemzug tun wird, dass es nur noch Sekunden oder Minuten dauert, bis der Tod ihn empf\u00e4ngt&#8230; dass dieser Mensch unn\u00f6tig gequ\u00e4lt wird, wenn man ihn so lange warten l\u00e4sst. Das ist mentale Folter.&#8220;<\/p>\n","protected":false},"excerpt":{"rendered":"Hinrichtung abgesagt Todeskandidat erh\u00e4lt Minuten vor Hinrichtung den Anruf 14.11.2025 &#8211; 03:51 UhrLesedauer: 3 Min. Treman Woods&#8216; Hinrichtung&hellip;\n","protected":false},"author":2,"featured_media":573926,"comment_status":"","ping_status":"","sticky":false,"template":"","format":"standard","meta":{"footnotes":""},"categories":[3977],"tags":[1217,331,332,138225,13,7467,138223,16827,14,15,9496,1555,138224,12,1997,138222,4017,4018,4016,64,4019,4020],"class_list":{"0":"post-573925","1":"post","2":"type-post","3":"status-publish","4":"format-standard","5":"has-post-thumbnail","7":"category-usa","8":"tag-1217","9":"tag-aktuelle-nachrichten","10":"tag-aktuelle-news","11":"tag-amanda-bass-castro","12":"tag-headlines","13":"tag-hinrichtung","14":"tag-kevin-stitt","15":"tag-montana","16":"tag-nachrichten","17":"tag-news","18":"tag-oklahoma","19":"tag-republikaner","20":"tag-ronnie-wipf","21":"tag-schlagzeilen","22":"tag-staatsanwaltschaft","23":"tag-tremane-woods","24":"tag-united-states","25":"tag-united-states-of-america","26":"tag-us","27":"tag-usa","28":"tag-vereinigte-staaten","29":"tag-vereinigte-staaten-von-amerika"},"share_on_mastodon":{"url":"https:\/\/pubeurope.com\/@de\/115545819685718606","error":""},"_links":{"self":[{"href":"https:\/\/www.europesays.com\/de\/wp-json\/wp\/v2\/posts\/573925","targetHints":{"allow":["GET"]}}],"collection":[{"href":"https:\/\/www.europesays.com\/de\/wp-json\/wp\/v2\/posts"}],"about":[{"href":"https:\/\/www.europesays.com\/de\/wp-json\/wp\/v2\/types\/post"}],"author":[{"embeddable":true,"href":"https:\/\/www.europesays.com\/de\/wp-json\/wp\/v2\/users\/2"}],"replies":[{"embeddable":true,"href":"https:\/\/www.europesays.com\/de\/wp-json\/wp\/v2\/comments?post=573925"}],"version-history":[{"count":0,"href":"https:\/\/www.europesays.com\/de\/wp-json\/wp\/v2\/posts\/573925\/revisions"}],"wp:featuredmedia":[{"embeddable":true,"href":"https:\/\/www.europesays.com\/de\/wp-json\/wp\/v2\/media\/573926"}],"wp:attachment":[{"href":"https:\/\/www.europesays.com\/de\/wp-json\/wp\/v2\/media?parent=573925"}],"wp:term":[{"taxonomy":"category","embeddable":true,"href":"https:\/\/www.europesays.com\/de\/wp-json\/wp\/v2\/categories?post=573925"},{"taxonomy":"post_tag","embeddable":true,"href":"https:\/\/www.europesays.com\/de\/wp-json\/wp\/v2\/tags?post=573925"}],"curies":[{"name":"wp","href":"https:\/\/api.w.org\/{rel}","templated":true}]}}