{"id":574009,"date":"2025-11-14T03:49:25","date_gmt":"2025-11-14T03:49:25","guid":{"rendered":"https:\/\/www.europesays.com\/de\/574009\/"},"modified":"2025-11-14T03:49:25","modified_gmt":"2025-11-14T03:49:25","slug":"love-island-vip-boeses-spiel-mit-der-ex-bachelorette-unterhaltung","status":"publish","type":"post","link":"https:\/\/www.europesays.com\/de\/574009\/","title":{"rendered":"\u201eLove Island VIP\u201c: B\u00f6ses Spiel mit der Ex-Bachelorette | Unterhaltung"},"content":{"rendered":"<p>Korfu (Griechenland) \u2013 <b>Kurz vor dem gro\u00dfen Finale zogen bei \u201eLove Island VIP\u201c dunkle Wolken auf. In Folge zehn der Dating-Show braute sich hinter dem R\u00fccken von Ex-Bachelorette Stella Stegmann was zusammen: Gleich mehrere Kandidaten schossen sich auf sie ein. Strippenzieher war ausgerechnet Dschungelk\u00f6nig Filip Pavlovi\u0107.<\/b><\/p>\n<p>Er und seine Flamme Joena Steilen hatten etwas zu verk\u00fcnden. Beide sind ab jetzt nicht nur bei \u201e<a href=\"https:\/\/www.bild.de\/unterhaltung\/tv\/love-island\/love-island-alle-infos-76680790.bild.html\" class=\"text-link\" target=\"_blank\" rel=\"noopener\">Love Island VIP<\/a>\u201c ein Couple sondern sehen sich auch ganz offiziell als Paar. Doch die Bekanntgabe des neuen Beziehungsstatus kam nicht bei allen gut an. Influencerin Laura Blond (30) im Sprechzimmer: \u201eIch glaube, das war jetzt nur ein Ass im \u00c4rmel, um sich das Final-Ticket zu sichern.\u201c<\/p>\n<p><img decoding=\"async\" width=\"992\" height=\"558\" alt=\"Filip Pavlovic (31) und Joena Steilen (26) machen ihre Beziehung vor den anderen Kandidaten offiziell. Ihre Konkurrenten reagieren sehr unterschiedlich auf ihr Liebes-Gl\u00fcck\" src=\"https:\/\/www.europesays.com\/de\/wp-content\/uploads\/2025\/11\/144463d3f70b5ff4b35d6087f578b452,e0b3ce2a\"   class=\"landscape\" loading=\"lazy\"\/><\/p>\n<p class=\"fig__caption__text\">Filip Pavlovi\u0107 (31) und Joena Steilen (26) machen ihre Beziehung vor den anderen Kandidaten offiziell. Ihre Konkurrenten reagieren sehr unterschiedlich auf ihr Liebes-Gl\u00fcck<\/p>\n<p>Foto: RTLZWEI, ITV Studios Germany<\/p>\n<p>Auch Stella zweifelte und sprach das P\u00e4rchen offen an: \u201e\u00dcbertreibt ihr nicht ein bisschen? Ihr kennt euch eine Woche.\u201c Das sorgte f\u00fcr \u00c4rger. Denn Stellas Bedenken brachten Filip in Rage: \u201eDamit hat sie keine Pluspunkte gemacht.\u201c Bei Kumpel Umut Tekin fand Filip in seinem Groll den ersten Verb\u00fcndeten. Gemeinsam l\u00e4sterte das Duo \u00fcber die Ex-Bachelorette. Umut: \u201eStella will unbedingt gewinnen. Das glaube ich zu einhundert Prozent.\u201c Die Romanze mit TV-Star Josh Stanley (29) nimmt er ihr nicht ab.<\/p>\n<p><img decoding=\"async\" width=\"992\" height=\"558\" alt=\"Umut Tekin (28) und Filip (r.) unterhalten sich \u00fcber Stella\" src=\"https:\/\/www.europesays.com\/de\/wp-content\/uploads\/2025\/11\/89cdbbe617195456e54e007a72cfe351,b8677c48\"   class=\"landscape\" loading=\"lazy\"\/><\/p>\n<p class=\"fig__caption__text\">Umut Tekin (28) und Filip (r.) unterhalten sich \u00fcber Stella<\/p>\n<p>Foto: RTLZWEI, ITV Studios Germany<\/p>\n<p>Auch von Tekins \u201e<a href=\"https:\/\/www.bild.de\/unterhaltung\/stars-und-leute\/love-island-vip-sie-gewinnen-die-dating-show-6912f2426a6fc9b1c20719e7\" class=\"text-link\" target=\"_blank\" rel=\"noopener\">Love Island VIP<\/a>\u201c-Romanze Jeje Lopes (26) bekam Filip R\u00fcckendeckung, die an Stella pl\u00f6tzlich kein gutes Haar mehr lie\u00df: \u201eJetzt hat sie sich nur noch mehr ins Aus geschossen.\u201c Bei der \u201eRed-Flag-Night\u201c wird Stella abgestraft. Die Islander sollen zwei Paare nominieren, die das Finale nicht verdient haben. Jeje zu der Ex-Bachelorette: \u201eIch wei\u00df nicht, ob das zu einhundert Prozent echt ist mit Josh.\u201c Und Umut legt nach: \u201eBei dir, Josh, scheint es echt zu sein. Bei dir, Stella, habe ich nicht so ganz den Eindruck.\u201c<\/p>\n<p>Mehr zum Thema<\/p>\n<p>Der ehemaligen Rosenverteilerin kommen die Tr\u00e4nen: \u201eDas ist gerade nicht so ein sch\u00f6nes Gef\u00fchl.\u201c Mit so viel Gegenwind hat sie nicht gerechnet. <\/p>\n<p>Gehen m\u00fcssen am Ende aber andere: F\u00fcr Dion (26) und Gabriela (24) sowie Brenda und Yannick (30) ist \u201eLove Island VIP\u201c vorbei.<\/p>\n","protected":false},"excerpt":{"rendered":"Korfu (Griechenland) \u2013 Kurz vor dem gro\u00dfen Finale zogen bei \u201eLove Island VIP\u201c dunkle Wolken auf. In Folge&hellip;\n","protected":false},"author":2,"featured_media":574010,"comment_status":"","ping_status":"","sticky":false,"template":"","format":"standard","meta":{"footnotes":""},"categories":[1773],"tags":[29,214,30,14271,13275,52654,12015,640,471,1780,45,215],"class_list":{"0":"post-574009","1":"post","2":"type-post","3":"status-publish","4":"format-standard","5":"has-post-thumbnail","7":"category-serien","8":"tag-deutschland","9":"tag-entertainment","10":"tag-germany","11":"tag-kuppelshow","12":"tag-love-island","13":"tag-meis-sylvie","14":"tag-reality-show","15":"tag-rtl","16":"tag-serien","17":"tag-series","18":"tag-texttospeech","19":"tag-unterhaltung"},"share_on_mastodon":{"url":"https:\/\/pubeurope.com\/@de\/115546015440136769","error":""},"_links":{"self":[{"href":"https:\/\/www.europesays.com\/de\/wp-json\/wp\/v2\/posts\/574009","targetHints":{"allow":["GET"]}}],"collection":[{"href":"https:\/\/www.europesays.com\/de\/wp-json\/wp\/v2\/posts"}],"about":[{"href":"https:\/\/www.europesays.com\/de\/wp-json\/wp\/v2\/types\/post"}],"author":[{"embeddable":true,"href":"https:\/\/www.europesays.com\/de\/wp-json\/wp\/v2\/users\/2"}],"replies":[{"embeddable":true,"href":"https:\/\/www.europesays.com\/de\/wp-json\/wp\/v2\/comments?post=574009"}],"version-history":[{"count":0,"href":"https:\/\/www.europesays.com\/de\/wp-json\/wp\/v2\/posts\/574009\/revisions"}],"wp:featuredmedia":[{"embeddable":true,"href":"https:\/\/www.europesays.com\/de\/wp-json\/wp\/v2\/media\/574010"}],"wp:attachment":[{"href":"https:\/\/www.europesays.com\/de\/wp-json\/wp\/v2\/media?parent=574009"}],"wp:term":[{"taxonomy":"category","embeddable":true,"href":"https:\/\/www.europesays.com\/de\/wp-json\/wp\/v2\/categories?post=574009"},{"taxonomy":"post_tag","embeddable":true,"href":"https:\/\/www.europesays.com\/de\/wp-json\/wp\/v2\/tags?post=574009"}],"curies":[{"name":"wp","href":"https:\/\/api.w.org\/{rel}","templated":true}]}}