{"id":574194,"date":"2025-11-14T05:35:14","date_gmt":"2025-11-14T05:35:14","guid":{"rendered":"https:\/\/www.europesays.com\/de\/574194\/"},"modified":"2025-11-14T05:35:14","modified_gmt":"2025-11-14T05:35:14","slug":"warum-ohb-startrampen-bauen-will","status":"publish","type":"post","link":"https:\/\/www.europesays.com\/de\/574194\/","title":{"rendered":"Warum OHB Startrampen bauen will"},"content":{"rendered":"<p class=\"mb-6 text-xs md:text-m lg:text-l font-serif group-[.font-sans]:font-sans \">\n    Wer schon mal am Abendhimmel Starlink-Satelliten des Amerikaners Elon Musk in Formation vorbeifliegen sehen hat, wei\u00df, dass auf den Erdumlaufbahnen schon jetzt eine Menge los ist. Der Orbit-Verkehr wird in den kommenden Jahren nicht weniger werden. Ganz im Gegenteil \u2013 da oben wird es bald schon noch viel st\u00e4rker rund gehen. F\u00fcr die europ\u00e4ischen Unternehmen und die Sicherheitsarchitektur auf dem Kontinent ist es daher wichtig, selbst \u00fcber gen\u00fcgend Raketenstartpl\u00e4tze zu verf\u00fcgen, von denen aus Satelliten Richtung All bef\u00f6rdert werden k\u00f6nnen.\n  <\/p>\n<p class=\"mb-6 text-xs md:text-m lg:text-l font-serif group-[.font-sans]:font-sans \">\n    Der Bremer Raumfahrt-Konzern OHB, der mit MT Aerospace und der Rocket Factory <a href=\"https:\/\/www.augsburger-allgemeine.de\/augsburg\/ort\/augsburg\" target=\"_self\" class=\"underline \" rel=\"nofollow noopener\">Augsburg<\/a> in Augsburg zwei Tochtergesellschaften hat, gr\u00fcndet deshalb ein neues Unternehmen, die European Spaceport Company.\n  <\/p>\n<p class=\"mb-6 text-xs md:text-m lg:text-l font-serif group-[.font-sans]:font-sans \">\n    OHB-Chef Marco Fuchs sagt: \u201eEuropa braucht einen zuverl\u00e4ssigen und unabh\u00e4ngigen Zugang zum Weltraum. Das haben wir bei OHB schon seit Jahren im Fokus. Und nat\u00fcrlich geh\u00f6ren dazu auch Startpl\u00e4tze. F\u00fcr das Offshore-Spaceport-Konzept leisten wir schon heute einen wesentlichen Beitrag dazu, und den werden wir zuk\u00fcnftig noch weiter ausbauen\u201c.\n  <\/p>\n<p>            Warum Europa im All autonomer werden muss<\/p>\n<p class=\"mb-6 text-xs md:text-m lg:text-l font-serif group-[.font-sans]:font-sans \">\n    Die European Spaceport Company soll Tr\u00e4gerraketen k\u00fcnftig Startm\u00f6glichkeiten zu Wasser und zu Land erm\u00f6glichen. Im Angebot sollen nicht nur Infrastrukturelemente f\u00fcr mobile und ortsfeste Startrampen sein. Es geht auch um Bodensegmente, Missionskontrollzentren, Testeinrichtungen und verschiedene Dienstleistungen rund um die Starts.\n  <\/p>\n<p class=\"mb-6 text-xs md:text-m lg:text-l font-serif group-[.font-sans]:font-sans \">\n    Sabine von der Recke, die das neue Unternehmen gemeinsam mit MT Aerospace-Vorstandsvorsitzendem Ulrich Scheib und OHB-Digital-Chef Arne Gausepohl f\u00fchren wird, sagt: \u201eIn der Raumfahrt ist eine neue Zeit angebrochen, und die braucht mehr und kreativere Angebote in der gesamten Wertsch\u00f6pfungskette.\u201c OHB hat nach eigenen Angaben seit mehr als f\u00fcnf Jahrzehnten Erfahrungen bei \u201eAufbau und Weiterentwicklung europ\u00e4ischer Startkapazit\u00e4ten\u201c. So ist MT Aerospace seit knapp 30 Jahren an Betrieb und Wartung der Startanlagen des europ\u00e4ischen Weltraumbahnhofs in Kourou beteiligt.\n  <\/p>\n<p>            Ein europ\u00e4ischer Startplatz im Meer?<\/p>\n<p class=\"mb-6 text-xs md:text-m lg:text-l font-serif group-[.font-sans]:font-sans \">\n    Ziele sind den weiteren Angaben zufolge, einen eigenen europ\u00e4ischen Startplatz im Meer zu errichten und zudem die M\u00f6glichkeiten von Kourou \u2013 gelegen in Franz\u00f6sisch-Guayana an der s\u00fcdamerikanischen Atlantik-K\u00fcste \u2013 zu erweitern. Sp\u00e4ter will die European Spaceport Company dann Startdienstleistungen weltweit anbieten. Das soll mit einer mobilen Startplattform gehen, die nicht auf einen Raketentyp festgelegt, sondern flexibel ist. Und die an bereits bestehende Infrastruktur angedockt werden kann.\n  <\/p>\n<p class=\"mb-6 text-xs md:text-m lg:text-l font-serif group-[.font-sans]:font-sans \">\n    Schon seit einigen Jahren plant der Konzern gemeinsam mit anderen Firmen, Mini-Raketen von der Nordsee aus zu starten. Ein Spezialschiff mit Startrampe soll daf\u00fcr ab Bremerhaven in See stechen. Von der schwimmenden Plattform sollen Microlauncher \u2013 das sind Mini-Raketen \u2013 starten und Satelliten in den Weltraum transportieren. Ein Testlauf war schon 2024 geplant, musste wegen fehlender Unterlagen allerdings verschoben werden.\n  <\/p>\n<p>            Kein deutscher Spaceport<\/p>\n<p class=\"mb-6 text-xs md:text-m lg:text-l font-serif group-[.font-sans]:font-sans \">\n    Das von Dorothee B\u00e4r (CSU) gef\u00fchrte Bundesministerium f\u00fcr Forschung, Technologie und Raumfahrt begr\u00fc\u00dfte die OHB-Gr\u00fcndung, die \u201ezur St\u00e4rkung des Raumfahrtstandorts Deutschland und Europas beitr\u00e4gt\u201c, wie ein Sprecher mitteilt. Die B\u00fcndelung von Kompetenzen f\u00fcr Startplatzinfrastruktur sei ein wichtiger Schritt, um den Zugang zum Weltraum flexibler und wettbewerbsf\u00e4higer zu gestalten. Solche Projekte erg\u00e4nzten die europ\u00e4ischen Bem\u00fchungen um mehr Unabh\u00e4ngigkeit und Innovationskraft im Raumfahrtsektor. Ein deutscher, staatlicher Spaceport ist nicht vorgesehen: \u201eDie Bundesregierung setzt dabei auf privatwirtschaftliche Modelle, nicht auf den Aufbau eines rein staatlichen Weltraumbahnhofs.\u201c\n  <\/p>\n<p class=\"mb-6 text-xs md:text-m lg:text-l font-serif group-[.font-sans]:font-sans \">\n    Von neuen Startrampen k\u00f6nnte auch die Augsburger Rocket Factory (RFA), an der OHB auch beteiligt ist, profitieren. Allerdings hat die ihren ersten Testflug erneut verschoben. Wie ein RFA-Sprecher auf Anfrage mitteilt, soll die neue Erststufe des Microlaunchers in den kommenden Wochen zum schottischen SaxaVord Spaceport, im Norden der Shetlandinseln, transportiert werden. Der erste Testflug wird dann 2026 stattfinden.<a href=\"https:\/\/www.augsburger-allgemeine.de\/wirtschaft\/rocket-factory-raketen-test-scheitert-spektakulaer-in-schottland-102983419\" target=\"_self\" class=\"underline \" rel=\"nofollow noopener\"> Im August 2024 war es dort bei einem Test zum Ungl\u00fcck gekommen.<\/a> Verletzt wurde niemand, aber das Start-up hatte seine Ambitionen zur\u00fcckstecken m\u00fcssen. Urspr\u00fcnglich h\u00e4tte der Countdown f\u00fcr die erste RFA One 2022 runtergez\u00e4hlt werden sollen. <a href=\"https:\/\/www.augsburger-allgemeine.de\/wirtschaft\/rocket-factory-augsburg-gewinnt-die-rocket-factory-augsburg-das-rennen-in-den-orbit-id70069326.html\" target=\"_self\" class=\"underline \" rel=\"nofollow noopener\">Die Rocket Factory wurde 2018 von den Ingenieuren J\u00f6rn Spurmann und Stefan Brieschenk gegr\u00fcndet.<\/a>\n  <\/p>\n<p class=\"mb-6 text-xs md:text-m lg:text-l font-serif group-[.font-sans]:font-sans \">\n    Neben den Verz\u00f6gerungen beim Start hat das Unternehmen gerade \u00c4rger mit der IG Metall Augsburg. Die wirft RFA vor, Versuche, einen Betriebsrat zu gr\u00fcnden, ins Leere laufen gelassen zu haben. Die Rocket Factory will sich dazu auf Nachfrage nicht \u00e4u\u00dfern.  (mit dpa)\n  <\/p>\n<p>      <a href=\"https:\/\/www.augsburger-allgemeine.de\/podcasts\/schon-gehoert\/podcast-augsburg-im-all-so-mischt-bayern-den-weltraummarkt-auf-105967928\" class=\"hidden  &#010;                md:block md:mr-5 md:min-w-[140px]  aspect-photo md:aspect-tv lg:aspect-tv w-fullXXX relative self-start inline overflow-hidden\" rel=\"nofollow noopener\" target=\"_blank\"><\/p>\n<p>    <img decoding=\"async\" src=\"https:\/\/images.mgpd.de\/img\/105968002\/crop\/c3_2-w100\/1439103175\/1120158698\/schon-gehoert-4.jpg\" alt=\"Tr\u00e4umt vom Weltall: Bayerns Ministerpr\u00e4sident Markus S\u00f6der.\" title=\"Tr\u00e4umt vom Weltall: Bayerns Ministerpr\u00e4sident Markus S\u00f6der.\" class=\"h-full w-full object-cover\"\/><br \/>\n   <\/a><\/p>\n<ul data-module-id=\"DragDropModule\" class=\"flex flex-wrap justify-start group-[.no-bookmarks]:hidden\">\n<li class=\"mb-3 mr-3\">\n    Stefan K\u00fcpper<\/p>\n<p>      Icon Haken im Kreis gesetzt<\/p>\n<p>      Icon Plus im Kreis<\/p>\n<\/li>\n<li class=\"mb-3 mr-3\">\n    86150 Augsburg<\/p>\n<p>      Icon Haken im Kreis gesetzt<\/p>\n<p>      Icon Plus im Kreis<\/p>\n<\/li>\n<li class=\"mb-3 mr-3\">\n    OHB<\/p>\n<p>      Icon Haken im Kreis gesetzt<\/p>\n<p>      Icon Plus im Kreis<\/p>\n<\/li>\n<\/ul>\n","protected":false},"excerpt":{"rendered":"Wer schon mal am Abendhimmel Starlink-Satelliten des Amerikaners Elon Musk in Formation vorbeifliegen sehen hat, wei\u00df, dass auf&hellip;\n","protected":false},"author":2,"featured_media":574195,"comment_status":"","ping_status":"","sticky":false,"template":"","format":"standard","meta":{"footnotes":"","_share_on_mastodon":"0"},"categories":[1846],"tags":[680,772,3364,29,444,548,663,3934,30,13,138261,134108,138260,14,15,31427,57973,1170,12,137379],"class_list":["post-574194","post","type-post","status-publish","format-standard","has-post-thumbnail","category-augsburg","tag-augsburg","tag-bayern","tag-de","tag-deutschland","tag-elon-musk","tag-eu","tag-europa","tag-europe","tag-germany","tag-headlines","tag-kourou","tag-marco-fuchs","tag-mt-aerospace","tag-nachrichten","tag-news","tag-offshore","tag-ohb","tag-rakete","tag-schlagzeilen","tag-startrampe"],"share_on_mastodon":{"url":"https:\/\/pubeurope.com\/@de\/115546431932144092","error":""},"_links":{"self":[{"href":"https:\/\/www.europesays.com\/de\/wp-json\/wp\/v2\/posts\/574194","targetHints":{"allow":["GET"]}}],"collection":[{"href":"https:\/\/www.europesays.com\/de\/wp-json\/wp\/v2\/posts"}],"about":[{"href":"https:\/\/www.europesays.com\/de\/wp-json\/wp\/v2\/types\/post"}],"author":[{"embeddable":true,"href":"https:\/\/www.europesays.com\/de\/wp-json\/wp\/v2\/users\/2"}],"replies":[{"embeddable":true,"href":"https:\/\/www.europesays.com\/de\/wp-json\/wp\/v2\/comments?post=574194"}],"version-history":[{"count":0,"href":"https:\/\/www.europesays.com\/de\/wp-json\/wp\/v2\/posts\/574194\/revisions"}],"wp:featuredmedia":[{"embeddable":true,"href":"https:\/\/www.europesays.com\/de\/wp-json\/wp\/v2\/media\/574195"}],"wp:attachment":[{"href":"https:\/\/www.europesays.com\/de\/wp-json\/wp\/v2\/media?parent=574194"}],"wp:term":[{"taxonomy":"category","embeddable":true,"href":"https:\/\/www.europesays.com\/de\/wp-json\/wp\/v2\/categories?post=574194"},{"taxonomy":"post_tag","embeddable":true,"href":"https:\/\/www.europesays.com\/de\/wp-json\/wp\/v2\/tags?post=574194"}],"curies":[{"name":"wp","href":"https:\/\/api.w.org\/{rel}","templated":true}]}}