{"id":574406,"date":"2025-11-14T07:40:26","date_gmt":"2025-11-14T07:40:26","guid":{"rendered":"https:\/\/www.europesays.com\/de\/574406\/"},"modified":"2025-11-14T07:40:26","modified_gmt":"2025-11-14T07:40:26","slug":"strassen-am-u-turm-sollen-neu-gestaltet-werden","status":"publish","type":"post","link":"https:\/\/www.europesays.com\/de\/574406\/","title":{"rendered":"Stra\u00dfen am U-Turm sollen neu gestaltet werden"},"content":{"rendered":"<p>\t\tDortmunder U bekommt einen \u201egr\u00fcnen Rahmen\u201c<br \/>\n\t\t\t\t\tStra\u00dfen am U-Turm sollen neu gestaltet werden<\/p>\n<p>\t\t<img alt=\"\" src=\"https:\/\/www.europesays.com\/de\/wp-content\/uploads\/2025\/05\/630_0036_48381_.jpg\"  class=\"avatar avatar-36 photo avatar-default\" height=\"36\" width=\"36\" loading=\"eager\" decoding=\"async\"\/>\t\t<a class=\"article-author__name\" href=\"https:\/\/www.ruhrnachrichten.de\/author\/oliver-volmerich\/\" rel=\"author noopener\" target=\"_blank\">Oliver Volmerich<\/a><br \/>\n\t\tRedakteur<\/p>\n<p>    <a href=\"https:\/\/www.ruhrnachrichten.de\/wp-content\/uploads\/2025\/11\/13\/14\/630_0900_5315644_-1648x824.jpg\" target=\"_blank\" rel=\"noopener\"><\/p>\n<p>            <img loading=\"lazy\" decoding=\"async\" src=\"https:\/\/www.europesays.com\/de\/wp-content\/uploads\/2025\/11\/630_0900_5315589_-640x428.jpg\" width=\"640\" height=\"428\"  alt=\"\"\/><\/p>\n<p>    <\/a><br \/>\n    Gr\u00fcn statt grau: So k\u00f6nnte nach den Vorstellungen des B\u00fcros Scape Landschaftsarchitekten die Emil-Schumacher-Stra\u00dfe zwischen U-Turm und Hotelkomplex aussehen. \u00a9 scape\/Paul Trakies <\/p>\n<p class=\"article__teaser-text\">Grau raus, Gr\u00fcn rein: Nach diesem Motto sollen Stra\u00dfen und Pl\u00e4tze am Dortmunder U neu gestaltet werden. Klimaschutz und B\u00fcrgerw\u00fcnsche spielen eine gro\u00dfe Rolle.<\/p>\n<p>2 Min Lesezeit<\/p>\n<p>Kleiner urbaner Park<\/p>\n","protected":false},"excerpt":{"rendered":"Dortmunder U bekommt einen \u201egr\u00fcnen Rahmen\u201c Stra\u00dfen am U-Turm sollen neu gestaltet werden Oliver Volmerich Redakteur Gr\u00fcn statt&hellip;\n","protected":false},"author":2,"featured_media":574407,"comment_status":"","ping_status":"","sticky":false,"template":"","format":"standard","meta":{"footnotes":""},"categories":[1833],"tags":[3364,29,217,30,3648,1209,11945],"class_list":{"0":"post-574406","1":"post","2":"type-post","3":"status-publish","4":"format-standard","5":"has-post-thumbnail","7":"category-dortmund","8":"tag-de","9":"tag-deutschland","10":"tag-dortmund","11":"tag-germany","12":"tag-lokalpolitik","13":"tag-nordrhein-westfalen","14":"tag-stadtplanung"},"share_on_mastodon":{"url":"https:\/\/pubeurope.com\/@de\/115546924055366599","error":""},"_links":{"self":[{"href":"https:\/\/www.europesays.com\/de\/wp-json\/wp\/v2\/posts\/574406","targetHints":{"allow":["GET"]}}],"collection":[{"href":"https:\/\/www.europesays.com\/de\/wp-json\/wp\/v2\/posts"}],"about":[{"href":"https:\/\/www.europesays.com\/de\/wp-json\/wp\/v2\/types\/post"}],"author":[{"embeddable":true,"href":"https:\/\/www.europesays.com\/de\/wp-json\/wp\/v2\/users\/2"}],"replies":[{"embeddable":true,"href":"https:\/\/www.europesays.com\/de\/wp-json\/wp\/v2\/comments?post=574406"}],"version-history":[{"count":0,"href":"https:\/\/www.europesays.com\/de\/wp-json\/wp\/v2\/posts\/574406\/revisions"}],"wp:featuredmedia":[{"embeddable":true,"href":"https:\/\/www.europesays.com\/de\/wp-json\/wp\/v2\/media\/574407"}],"wp:attachment":[{"href":"https:\/\/www.europesays.com\/de\/wp-json\/wp\/v2\/media?parent=574406"}],"wp:term":[{"taxonomy":"category","embeddable":true,"href":"https:\/\/www.europesays.com\/de\/wp-json\/wp\/v2\/categories?post=574406"},{"taxonomy":"post_tag","embeddable":true,"href":"https:\/\/www.europesays.com\/de\/wp-json\/wp\/v2\/tags?post=574406"}],"curies":[{"name":"wp","href":"https:\/\/api.w.org\/{rel}","templated":true}]}}